{"id":31067,"date":"2021-08-19T07:50:08","date_gmt":"2021-08-19T12:50:08","guid":{"rendered":"http:\/\/www.zonaroja.com.mx\/?p=31067"},"modified":"2021-08-19T07:50:10","modified_gmt":"2021-08-19T12:50:10","slug":"ocho-meses-sin-justicia-por-homicidio-de-ciclista-oaxaquena","status":"publish","type":"post","link":"https:\/\/zonaroja.com.mx\/?p=31067","title":{"rendered":"Ocho meses sin justicia por homicidio de ciclista oaxaque\u00f1a"},"content":{"rendered":"\n<p>Evlin Arag\u00f3n\/Zona Roja.<\/p>\n\n\n\n<p>Oaxaca de Ju\u00e1rez, Oax., 19 de agosto de 2021.- Ocho meses han pasado desde que un autob\u00fas de transporte p\u00fablico, perteneciente a la l\u00ednea \u201cZaachila-Yoo\u201d, termin\u00f3 con la vida de una joven que amaba desplazarse por la ciudad en bicicleta: Gabriela Soto Garc\u00eda.&nbsp;<\/p>\n\n\n\n<p>Pese a las constantes protestas, todas pac\u00edficas, que ha llevado a cabo su familia y la comunidad ciclista de Oaxaca, a\u00fan no hay castigo para los responsables. El homicidio de Gaby, quien no debi\u00f3 morir, sigue impune, como muchos m\u00e1s en la entidad.&nbsp;<\/p>\n\n\n\n<p>Por lo anterior y de nueva cuenta, familiares y amigos de la joven exigieron justicia y no m\u00e1s impunidad a las autoridades del gobierno de Oaxaca, misma que debe incluir el retiro urgente de la concesi\u00f3n del autob\u00fas que la priv\u00f3 de seguir rodando por la vida.&nbsp;<\/p>\n\n\n\n<p>\u201cNo m\u00e1s impunidad, no m\u00e1s ciclistas muertos, le pedimos a la Semovi Oaxaca su intervenci\u00f3n y apoyo\u201d, refirieron a trav\u00e9s de las redes sociales.&nbsp;<\/p>\n\n\n\n<p>En la misma solicitud, explicaron que la l\u00ednea de autobuses debe asumir su responsabilidad ante este hecho, y el chofer debe ser presentado ante la ley para evitar que los casos sigan repiti\u00e9ndose en perjuicio de la comunidad ciclista en Oaxaca.&nbsp;<\/p>\n\n\n\n<p>As\u00ed mismo plantearon la urgencia de programas de concientizaci\u00f3n y capacitaci\u00f3n para que las y los automovilistas respeten los espacios y las vidas de las personas m\u00e1s vulnerables, como es el caso de los ciclistas, adem\u00e1s que no sean protegidos por las autoridades.&nbsp;<\/p>\n\n\n\n<p>\u201cBasta ya de cubrir este tipo de delitos, son muertes que se pudieron prevenir si hubiera consciencia y capacitaci\u00f3n por parte de los choferes y sobre todo de los asociados de la l\u00ednea que representan los conductores cuando van al volante\u201d, manifestaron.&nbsp;<\/p>\n\n\n\n<p>Finalmente, insistieron en el castigo para los responsables de la muerte de Gabi Soto, y el respeto al derecho libre de transitar por las calles.&nbsp;<\/p>\n\n\n\n<p>Gabriela Soto Garc\u00eda, muri\u00f3 el 18 de diciembre del 2020 luego de ser atropellada por un veh\u00edculo de transporte p\u00fablico en el bulevar Guadalupe Hinojosa de Santa Cruz Xoxocotl\u00e1n, cerca del crucero de la Ex Garita.<\/p>\n","protected":false},"excerpt":{"rendered":"<p>Evlin Arag\u00f3n\/Zona Roja. Oaxaca de Ju\u00e1rez, Oax., 19 de agosto de 2021.- Ocho meses han&hellip;<\/p>\n","protected":false},"author":2,"featured_media":22473,"comment_status":"closed","ping_status":"open","sticky":false,"template":"","format":"standard","meta":{"_lmt_disableupdate":"","_lmt_disable":"","_jetpack_memberships_contains_paid_content":false,"footnotes":""},"categories":[109,47],"tags":[2304],"class_list":["post-31067","post","type-post","status-publish","format-standard","has-post-thumbnail","hentry","category-minuto-a-minuto","category-zona-gris","tag-gabriela-soto"],"jetpack_featured_media_url":"https:\/\/zonaroja.com.mx\/wp-content\/uploads\/2021\/01\/Gabriela-Soto-ciclista.jpg","jetpack_sharing_enabled":true,"_links":{"self":[{"href":"https:\/\/zonaroja.com.mx\/index.php?rest_route=\/wp\/v2\/posts\/31067","targetHints":{"allow":["GET"]}}],"collection":[{"href":"https:\/\/zonaroja.com.mx\/index.php?rest_route=\/wp\/v2\/posts"}],"about":[{"href":"https:\/\/zonaroja.com.mx\/index.php?rest_route=\/wp\/v2\/types\/post"}],"author":[{"embeddable":true,"href":"https:\/\/zonaroja.com.mx\/index.php?rest_route=\/wp\/v2\/users\/2"}],"replies":[{"embeddable":true,"href":"https:\/\/zonaroja.com.mx\/index.php?rest_route=%2Fwp%2Fv2%2Fcomments&post=31067"}],"version-history":[{"count":1,"href":"https:\/\/zonaroja.com.mx\/index.php?rest_route=\/wp\/v2\/posts\/31067\/revisions"}],"predecessor-version":[{"id":31068,"href":"https:\/\/zonaroja.com.mx\/index.php?rest_route=\/wp\/v2\/posts\/31067\/revisions\/31068"}],"wp:featuredmedia":[{"embeddable":true,"href":"https:\/\/zonaroja.com.mx\/index.php?rest_route=\/wp\/v2\/media\/22473"}],"wp:attachment":[{"href":"https:\/\/zonaroja.com.mx\/index.php?rest_route=%2Fwp%2Fv2%2Fmedia&parent=31067"}],"wp:term":[{"taxonomy":"category","embeddable":true,"href":"https:\/\/zonaroja.com.mx\/index.php?rest_route=%2Fwp%2Fv2%2Fcategories&post=31067"},{"taxonomy":"post_tag","embeddable":true,"href":"https:\/\/zonaroja.com.mx\/index.php?rest_route=%2Fwp%2Fv2%2Ftags&post=31067"}],"curies":[{"name":"wp","href":"https:\/\/api.w.org\/{rel}","templated":true}]}}