{"id":31069,"date":"2021-08-19T08:03:22","date_gmt":"2021-08-19T13:03:22","guid":{"rendered":"http:\/\/www.zonaroja.com.mx\/?p=31069"},"modified":"2021-08-19T08:03:25","modified_gmt":"2021-08-19T13:03:25","slug":"indagan-a-alberto-esteva-por-presunto-desvio-de-recursos","status":"publish","type":"post","link":"https:\/\/zonaroja.com.mx\/?p=31069","title":{"rendered":"Indagan a Alberto Esteva por presunto desv\u00edo de recursos"},"content":{"rendered":"\n<p>Redacci\u00f3n\/Zona Roja.<\/p>\n\n\n\n<p>Oaxaca de Ju\u00e1rez, Oax., 19 de agosto de 2021.- Habitantes de la Alcald\u00eda \u00c1lvaro Obreg\u00f3n de la Ciudad de M\u00e9xico, pidieron a la Auditor\u00eda Superior de la Federaci\u00f3n y al Congreso indagar probables desv\u00edos de recursos del alcalde Alberto Esteva Salinas.<\/p>\n\n\n\n<p>Y es que de manera cada vez m\u00e1s frecuente ha abandonado el cargo para hacer campa\u00f1a pol\u00edtica en Oaxaca, donde busca ser candidato a gobernador el Partido Morena o de Movimiento Ciudadano.<\/p>\n\n\n\n<p>Sin embargo, se\u00f1alaron, presuntamente utiliza dinero del erario para su proselitismo en la entidad, pues han detectado compras irregulares en la Alcald\u00eda \u00c1lvaro Obreg\u00f3n.<\/p>\n\n\n\n<p>Un ejemplo de ello, expusieron, es que a menos de dos meses de concluir su gesti\u00f3n, inici\u00f3 un contrato para adquirir cuatro millones 435 mil 400 pesos en productos de papeler\u00eda.<\/p>\n\n\n\n<p>De acuerdo con datos en la Plataforma Nacional de Transparencia, la empresa contratada es Impulsora de Art\u00edculos y Servicios Mexicanos S. A. de C. V., que proveer\u00e1 bol\u00edgrafos, pegamento instant\u00e1neo, broches para archivos, cajas de pl\u00e1stico y de cart\u00f3n, entre otros.<\/p>\n\n\n\n<p>No obstante, los art\u00edculos no justifican el monto, por lo cual indagaron a las autoridades de la Ciudad de M\u00e9xico y federales indagar a Alberto Esteva Salinas, quien en la entidad es rechazado por distintas organizaciones sociales.<\/p>\n","protected":false},"excerpt":{"rendered":"<p>Redacci\u00f3n\/Zona Roja. Oaxaca de Ju\u00e1rez, Oax., 19 de agosto de 2021.- Habitantes de la Alcald\u00eda&hellip;<\/p>\n","protected":false},"author":2,"featured_media":31070,"comment_status":"closed","ping_status":"open","sticky":false,"template":"","format":"standard","meta":{"_lmt_disableupdate":"","_lmt_disable":"","_jetpack_memberships_contains_paid_content":false,"footnotes":""},"categories":[109,47],"tags":[1070],"class_list":["post-31069","post","type-post","status-publish","format-standard","has-post-thumbnail","hentry","category-minuto-a-minuto","category-zona-gris","tag-alberto-esteva-salinas"],"jetpack_featured_media_url":"https:\/\/zonaroja.com.mx\/wp-content\/uploads\/2021\/08\/Alberto-Esteva-S.jpg","jetpack_sharing_enabled":true,"_links":{"self":[{"href":"https:\/\/zonaroja.com.mx\/index.php?rest_route=\/wp\/v2\/posts\/31069","targetHints":{"allow":["GET"]}}],"collection":[{"href":"https:\/\/zonaroja.com.mx\/index.php?rest_route=\/wp\/v2\/posts"}],"about":[{"href":"https:\/\/zonaroja.com.mx\/index.php?rest_route=\/wp\/v2\/types\/post"}],"author":[{"embeddable":true,"href":"https:\/\/zonaroja.com.mx\/index.php?rest_route=\/wp\/v2\/users\/2"}],"replies":[{"embeddable":true,"href":"https:\/\/zonaroja.com.mx\/index.php?rest_route=%2Fwp%2Fv2%2Fcomments&post=31069"}],"version-history":[{"count":1,"href":"https:\/\/zonaroja.com.mx\/index.php?rest_route=\/wp\/v2\/posts\/31069\/revisions"}],"predecessor-version":[{"id":31071,"href":"https:\/\/zonaroja.com.mx\/index.php?rest_route=\/wp\/v2\/posts\/31069\/revisions\/31071"}],"wp:featuredmedia":[{"embeddable":true,"href":"https:\/\/zonaroja.com.mx\/index.php?rest_route=\/wp\/v2\/media\/31070"}],"wp:attachment":[{"href":"https:\/\/zonaroja.com.mx\/index.php?rest_route=%2Fwp%2Fv2%2Fmedia&parent=31069"}],"wp:term":[{"taxonomy":"category","embeddable":true,"href":"https:\/\/zonaroja.com.mx\/index.php?rest_route=%2Fwp%2Fv2%2Fcategories&post=31069"},{"taxonomy":"post_tag","embeddable":true,"href":"https:\/\/zonaroja.com.mx\/index.php?rest_route=%2Fwp%2Fv2%2Ftags&post=31069"}],"curies":[{"name":"wp","href":"https:\/\/api.w.org\/{rel}","templated":true}]}}