{"id":31072,"date":"2021-08-19T08:16:05","date_gmt":"2021-08-19T13:16:05","guid":{"rendered":"http:\/\/www.zonaroja.com.mx\/?p=31072"},"modified":"2021-08-19T08:16:08","modified_gmt":"2021-08-19T13:16:08","slug":"se-entrega-diputado-acusado-de-agresion-sexual-y-lo-ingresan-a-reglusorio","status":"publish","type":"post","link":"https:\/\/zonaroja.com.mx\/?p=31072","title":{"rendered":"Se entrega diputado acusado de agresi\u00f3n sexual y lo ingresan a reglusorio"},"content":{"rendered":"\n<p>Redacci\u00f3n\/Zona Roja Cdmx.<\/p>\n\n\n\n<p>Ciudad de M\u00e9xico, 19 de agosto de 2021.- La madrugada de este jueves, el \u00a0diputado federal por el Partido Morena, Sa\u00fal Benjam\u00edn Huerta Corona, se entreg\u00f3 a las autoridades y fue ingresado al Reclusorio Oriente de la Ciudad de M\u00e9xico.<\/p>\n\n\n\n<p>Fue alrededor de las 01:06 horas en que se puso a disposici\u00f3n de agentes de la Polic\u00eda de Investigaci\u00f3n de la Fiscal\u00eda General de Justicia de la capital del pa\u00eds.<\/p>\n\n\n\n<p>El legislador poblano est\u00e1 acusado de abuso sexual a varios menores de edad, dos de los cuales presentaron la denuncia formal correspondiente.<\/p>\n\n\n\n<p>Permanecer\u00e1 en dicho penal en espera de que por la ma\u00f1ana se realice la audiencia inicial entorno a las dos acusaciones que pesan en su contra por abuso sexual agravado y violaci\u00f3n.<\/p>\n\n\n\n<p>La fiscal\u00eda notificar\u00e1 al juez del Tribunal Superior de Justicia de la Ciudad de M\u00e9xico que dio cumplimiento a la orden de aprehensi\u00f3n en contra del diputado y este quedar\u00e1 a disposici\u00f3n del juzgador.<\/p>\n\n\n\n<p>Tras la imputaci\u00f3n, el legislador fue desaforado por la C\u00e1mara de Diputados, con base en la denuncia de violaci\u00f3n de un menor de 15 a\u00f1os de edad, en hechos ocurridos el pasado 21 de abril en un hotel de la Ciudad de M\u00e9xico.<\/p>\n\n\n\n<p>(Con informaci\u00f3n de \u201cEl Financiero\u201d)<\/p>\n","protected":false},"excerpt":{"rendered":"<p>Redacci\u00f3n\/Zona Roja Cdmx. Ciudad de M\u00e9xico, 19 de agosto de 2021.- La madrugada de este&hellip;<\/p>\n","protected":false},"author":2,"featured_media":26421,"comment_status":"closed","ping_status":"open","sticky":false,"template":"","format":"standard","meta":{"_lmt_disableupdate":"","_lmt_disable":"","_jetpack_memberships_contains_paid_content":false,"footnotes":""},"categories":[109,47],"tags":[2627],"class_list":["post-31072","post","type-post","status-publish","format-standard","has-post-thumbnail","hentry","category-minuto-a-minuto","category-zona-gris","tag-saul-huerta-corona"],"jetpack_featured_media_url":"https:\/\/zonaroja.com.mx\/wp-content\/uploads\/2021\/04\/Saul-Huerta.jpg","jetpack_sharing_enabled":true,"_links":{"self":[{"href":"https:\/\/zonaroja.com.mx\/index.php?rest_route=\/wp\/v2\/posts\/31072","targetHints":{"allow":["GET"]}}],"collection":[{"href":"https:\/\/zonaroja.com.mx\/index.php?rest_route=\/wp\/v2\/posts"}],"about":[{"href":"https:\/\/zonaroja.com.mx\/index.php?rest_route=\/wp\/v2\/types\/post"}],"author":[{"embeddable":true,"href":"https:\/\/zonaroja.com.mx\/index.php?rest_route=\/wp\/v2\/users\/2"}],"replies":[{"embeddable":true,"href":"https:\/\/zonaroja.com.mx\/index.php?rest_route=%2Fwp%2Fv2%2Fcomments&post=31072"}],"version-history":[{"count":1,"href":"https:\/\/zonaroja.com.mx\/index.php?rest_route=\/wp\/v2\/posts\/31072\/revisions"}],"predecessor-version":[{"id":31073,"href":"https:\/\/zonaroja.com.mx\/index.php?rest_route=\/wp\/v2\/posts\/31072\/revisions\/31073"}],"wp:featuredmedia":[{"embeddable":true,"href":"https:\/\/zonaroja.com.mx\/index.php?rest_route=\/wp\/v2\/media\/26421"}],"wp:attachment":[{"href":"https:\/\/zonaroja.com.mx\/index.php?rest_route=%2Fwp%2Fv2%2Fmedia&parent=31072"}],"wp:term":[{"taxonomy":"category","embeddable":true,"href":"https:\/\/zonaroja.com.mx\/index.php?rest_route=%2Fwp%2Fv2%2Fcategories&post=31072"},{"taxonomy":"post_tag","embeddable":true,"href":"https:\/\/zonaroja.com.mx\/index.php?rest_route=%2Fwp%2Fv2%2Ftags&post=31072"}],"curies":[{"name":"wp","href":"https:\/\/api.w.org\/{rel}","templated":true}]}}