{"id":31078,"date":"2021-08-19T13:22:57","date_gmt":"2021-08-19T18:22:57","guid":{"rendered":"https:\/\/www.zonaroja.com.mx\/?p=31078"},"modified":"2021-08-19T13:51:32","modified_gmt":"2021-08-19T18:51:32","slug":"piden-a-semarnat-no-ceder-ante-ampliacion-de-proyecto-minero-en-oaxaca","status":"publish","type":"post","link":"https:\/\/zonaroja.com.mx\/?p=31078","title":{"rendered":"Piden a Semarnat no ceder ante ampliaci\u00f3n de proyecto minero en Oaxaca"},"content":{"rendered":"\n<p class=\"MsoNormal\">Evlin Arag\u00f3n\/Zona Roja.&nbsp;<\/p>\n\n\n\n<p class=\"MsoNormal\">Oaxaca de Ju\u00e1rez, Oax., 19 de agosto de 2021.-&nbsp;Autoridades de San Pedro Ap\u00f3stol, Ocotl\u00e1n, pidieron a la Secretar\u00eda del Medio Ambiente y Recursos Naturales&nbsp;(Semarnat) no ceder a la presi\u00f3n del lobby minero y de la compa\u00f1\u00eda minera Cuzcatl\u00e1n- Fortuna Silver Mines y ratificar la negativa a la ampliaci\u00f3n del proyecto minero \u201cSan Jos\u00e9 II\u201d.&nbsp;<\/p>\n\n\n\n<p class=\"MsoNormal\">Lo anterior luego de conocer el proceso de impugnaci\u00f3n que promovi\u00f3 la empresa minera, y la presi\u00f3n que actualmente ejerce hacia las instituciones del Estado mexicano mediante una campa\u00f1a c\u00ednica y mentirosa que mont\u00f3 en sus redes sociales, medios locales y estatales.&nbsp;&nbsp;<\/p>\n\n\n\n<p class=\"MsoNormal\">Mediante un documento, firmado por el presidente municipal, Alejandro Taurino \u00c1vila Gopar y todo su Cabildo, manifestaron que se hace impostergable y urgente el cumplimiento de los acuerdos que se signaron con la Semarnat en marzo pasado y que establece el inicio de los estudios para corroborar los da\u00f1os ocasionados por la actividad minera en la zona.&nbsp;<\/p>\n\n\n\n<p class=\"MsoNormal\">As\u00ed mismo pidieron la entrega de todo el expediente sobre el derrame t\u00f3xico suscitado en octubre del 2018, por el cual se vertieron un mill\u00f3n 516 mil litros de desechos de la presa de jales secos de la Compa\u00f1\u00eda Minera Cuzcatl\u00e1n al Arroyo Coyote, tal como fue la petici\u00f3n original desde septiembre del 2020.&nbsp;<\/p>\n\n\n\n<p class=\"MsoNormal\">El reinicio del di\u00e1logo con el municipio y la ratificaci\u00f3n de la negativa a la Manifestaci\u00f3n de Impacto Ambiental MIA-regional presentada por la empresa minera Cuzcatl\u00e1n-Fortuna Silver Mines.&nbsp;<\/p>\n\n\n\n<p class=\"MsoNormal\">Recordaron que la reciente resoluci\u00f3n de la dependencia federal es consecuencia de una larga lucha de resistencia de los pueblos y comunidades afectadas que d\u00eda a d\u00eda ven morir su tierra y territorio y que ven enfermar y morir de enfermedades graves y extra\u00f1as a sus familiares.&nbsp;<\/p>\n\n\n\n<p class=\"MsoNormal\">Historia que se remonta a mayo del 2009, fecha en la que un operativo de m\u00e1s dos mil elementos policiales desaloj\u00f3 de manera violenta un plant\u00f3n que sosten\u00edan pobladores de varias comunidades zapotecas del valle de Ocotl\u00e1n en las instalaciones de una mina vieja, en la comunidad de San Jos\u00e9 del Progreso, que fue comprada por Minera Cuzcatl\u00e1n.&nbsp;&nbsp;<\/p>\n\n\n\n<p class=\"MsoNormal\">\u201cFue as\u00ed como el Estado Mexicano instal\u00f3 por la fuerza la minera y con ello se inici\u00f3 el ecocidio, el despojo y la destrucci\u00f3n de nuestra tierra, nuestros campos, nuestro territorio y nuestros pueblos\u201d, refiere el documento.&nbsp;&nbsp;<\/p>\n\n\n\n<p class=\"MsoNormal\">En este mismo sentido indicaron que, durante 12 a\u00f1os, la mina solo ha dejado contaminaci\u00f3n del ambiente, p\u00e9rdida de flora y fauna, enfermedades y muerte del ganado, erosi\u00f3n de la tierra y p\u00e9rdida de cosecha, lo cual se agudizo en 2018 con la contaminaci\u00f3n del R\u00edo Coyote, que recorre siete comunidades.&nbsp;<\/p>\n\n\n\n<p class=\"MsoNormal\">Por lo anterior anunciaron que mantendr\u00e1n alerta y en defensa de su territorio ante el constante asedio que Compa\u00f1\u00eda Minera Cuzcatl\u00e1n ejerce hacia su territorio en busca de minerales, toda vez que contin\u00faan vigente 31 concesiones en el Valle Zapoteco.&nbsp;&nbsp;<\/p>\n\n\n\n<p class=\"MsoNormal\">\u201cPor la defensa de la vida, de nuestra tierra y territorio, no a la miner\u00eda de la muerte en nuestros territorios zapotecos\u201d, sentenciaron.  <\/p>\n","protected":false},"excerpt":{"rendered":"<p>Evlin Arag\u00f3n\/Zona Roja.&nbsp; Oaxaca de Ju\u00e1rez, Oax., 19 de agosto de 2021.-&nbsp;Autoridades de San Pedro&hellip;<\/p>\n","protected":false},"author":2,"featured_media":31075,"comment_status":"closed","ping_status":"open","sticky":false,"template":"","format":"standard","meta":{"_lmt_disableupdate":"","_lmt_disable":"","_jetpack_memberships_contains_paid_content":false,"footnotes":""},"categories":[109,47],"tags":[2326],"class_list":["post-31078","post","type-post","status-publish","format-standard","has-post-thumbnail","hentry","category-minuto-a-minuto","category-zona-gris","tag-compania-minera-cuzcatlan"],"jetpack_featured_media_url":"https:\/\/zonaroja.com.mx\/wp-content\/uploads\/2021\/08\/Comunicado-San-Pedro-Apostol.jpg","jetpack_sharing_enabled":true,"_links":{"self":[{"href":"https:\/\/zonaroja.com.mx\/index.php?rest_route=\/wp\/v2\/posts\/31078","targetHints":{"allow":["GET"]}}],"collection":[{"href":"https:\/\/zonaroja.com.mx\/index.php?rest_route=\/wp\/v2\/posts"}],"about":[{"href":"https:\/\/zonaroja.com.mx\/index.php?rest_route=\/wp\/v2\/types\/post"}],"author":[{"embeddable":true,"href":"https:\/\/zonaroja.com.mx\/index.php?rest_route=\/wp\/v2\/users\/2"}],"replies":[{"embeddable":true,"href":"https:\/\/zonaroja.com.mx\/index.php?rest_route=%2Fwp%2Fv2%2Fcomments&post=31078"}],"version-history":[{"count":1,"href":"https:\/\/zonaroja.com.mx\/index.php?rest_route=\/wp\/v2\/posts\/31078\/revisions"}],"predecessor-version":[{"id":31079,"href":"https:\/\/zonaroja.com.mx\/index.php?rest_route=\/wp\/v2\/posts\/31078\/revisions\/31079"}],"wp:featuredmedia":[{"embeddable":true,"href":"https:\/\/zonaroja.com.mx\/index.php?rest_route=\/wp\/v2\/media\/31075"}],"wp:attachment":[{"href":"https:\/\/zonaroja.com.mx\/index.php?rest_route=%2Fwp%2Fv2%2Fmedia&parent=31078"}],"wp:term":[{"taxonomy":"category","embeddable":true,"href":"https:\/\/zonaroja.com.mx\/index.php?rest_route=%2Fwp%2Fv2%2Fcategories&post=31078"},{"taxonomy":"post_tag","embeddable":true,"href":"https:\/\/zonaroja.com.mx\/index.php?rest_route=%2Fwp%2Fv2%2Ftags&post=31078"}],"curies":[{"name":"wp","href":"https:\/\/api.w.org\/{rel}","templated":true}]}}