{"id":31080,"date":"2021-08-19T15:52:59","date_gmt":"2021-08-19T20:52:59","guid":{"rendered":"http:\/\/www.zonaroja.com.mx\/?p=31080"},"modified":"2021-08-19T15:53:02","modified_gmt":"2021-08-19T20:53:02","slug":"resiente-zona-mixe-aumento-de-contagios-de-covid-19-por-tercera-oleada","status":"publish","type":"post","link":"https:\/\/zonaroja.com.mx\/?p=31080","title":{"rendered":"Resiente zona Mixe aumento de contagios de Covid-19 por tercera oleada"},"content":{"rendered":"\n<p>Evlin Arag\u00f3n\/Zona Roja.<\/p>\n\n\n\n<p>Oaxaca de Ju\u00e1rez, Oax., 19 de agosto de 2021.- La tercera ola de contagios de Covid-19 sigue causando estragos en la poblaci\u00f3n oaxaque\u00f1a que, apenas ayer, report\u00f3 749 casos nuevos, cifra m\u00e1s alta en lo que va de toda la pandemia.&nbsp;<\/p>\n\n\n\n<p>Claro ejemplo, la declaratoria de la segunda cuarentena obligatoria en el municipio de Santa Mar\u00eda Tlahuiltoltepec que incluye la suspensi\u00f3n de d\u00edas de plaza, reuniones, actividades educativas, venta de bebidas alcoh\u00f3licas, obras municipales y particulares, eventos sociales y religiosos, as\u00ed como la atenci\u00f3n en el Palacio Municipal.&nbsp;<\/p>\n\n\n\n<p>Mediante un comunicado, las autoridades anunciaron el cierre del mercado municipal y la prohibici\u00f3n de viajar fuera de la comunidad, a menos que existan causas de fuerza mayor, para lo cual las unidades de transporte colectivo deber\u00e1n seguir las medidas sanitarias de manera rigurosa.&nbsp;<\/p>\n\n\n\n<p>As\u00ed mismo, prohibieron la entrada de personas ajenas a la poblaci\u00f3n, a menos que se trate de empresas proveedoras de productos esenciales y funcionarios de alguna dependencia gubernamental bajo previa cita y presentando su comprobante de vacunaci\u00f3n contra Covid-19.<\/p>\n\n\n\n<p>Finalmente, pidieron a la poblaci\u00f3n a buscar los centros de vacunaci\u00f3n m\u00e1s cercanos, para que puedan recibir la dosis correspondiente, adem\u00e1s que advirtieron a las personas que de no cumplir con las disposiciones se har\u00e1n acreedoras de sanciones correspondientes.<\/p>\n\n\n\n<figure class=\"wp-block-embed-twitter wp-block-embed is-type-rich is-provider-twitter\"><div class=\"wp-block-embed__wrapper\">\n<div class=\"twitter-tweet\"><blockquote class=\"twitter-tweet\" data-lang=\"es\"><p lang=\"es\" dir=\"ltr\"><a href=\"https:\/\/twitter.com\/hashtag\/%C3%9AltimoMinuto?src=hash&amp;ref_src=twsrc%5Etfw\">#\u00daltimoMinuto<\/a> <br>Mientras el titular de los <a href=\"https:\/\/twitter.com\/SSO_GobOax?ref_src=twsrc%5Etfw\">@SSO_GobOax<\/a> comparec\u00eda en el <a href=\"https:\/\/twitter.com\/CongresoOaxLXIV?ref_src=twsrc%5Etfw\">@CongresoOaxLXIV<\/a>, autoridades y pobladores de Tamazul\u00e1pam del Esp\u00edritu Santo, denunciaron en la capital carencias en el hospital de la comunidad mixe y denunciaron el probable cierre. <a href=\"https:\/\/t.co\/61QhlEGqPA\">pic.twitter.com\/61QhlEGqPA<\/a><\/p>&mdash; Zona Roja Oaxaca (@Zona_Roja_Oax) <a href=\"https:\/\/twitter.com\/Zona_Roja_Oax\/status\/1428434893420187650?ref_src=twsrc%5Etfw\">19 de agosto de 2021<\/a><\/blockquote><\/div>\n<\/div><\/figure>\n\n\n\n<p>DENUNCIA DE TAMA<\/p>\n\n\n\n<p>Mientras que, autoridades de Tamazul\u00e1pam del Esp\u00edritu Santo denunciaron la deplorable atenci\u00f3n m\u00e9dica en la zona, toda vez que actualmente se registra una falta de personal e insumos al interior del Hospital B\u00e1sico Comunitario de la localidad.&nbsp;<\/p>\n\n\n\n<p>En conferencia de prensa en la capital, el s\u00edndico municipal de la poblaci\u00f3n, Fidel V\u00e1squez Ant\u00fanez, explic\u00f3 que presentar\u00e1n un Juicio de Amparo ante la autoridad correspondiente a fin de que por orden judicial se atienda la salud de las y los habitantes de la zona mixe, quienes actualmente est\u00e1n resistiendo la tercera oleada de la pandemia por Covid-19.&nbsp;<\/p>\n\n\n\n<p>Manifest\u00f3 que, aunque han hecho los llamados correspondientes a las autoridades de gobierno para que doten al hospital de mayor personal e insumos correspondientes, \u00e9stas han hecho caso omiso, situaci\u00f3n que los ha obligado a llevar su solicitud al \u00e1mbito judicial.&nbsp;<\/p>\n\n\n\n<p>Mientras que Rafael Mart\u00ednez Rosas, regidor de Salud del municipio, detall\u00f3 que el hospital opera de manera regional, raz\u00f3n por la cual recibe a un importante n\u00famero de personas que actualmente obtienen una atenci\u00f3n deficiente, vulnerando as\u00ed el derecho de la poblaci\u00f3n a la salud.&nbsp;<\/p>\n\n\n\n<p>Puntualiz\u00f3 que el hospital necesita un especialista m\u00e1s en el \u00e1rea de anestesia, uno en cirug\u00eda, dos en ginecolog\u00eda, tres en pediatr\u00eda, 18 en enfermer\u00eda y cinco en medicina general para darse abasto y cubrir con la demanda actual; adem\u00e1s de incluir el servicio de Rayos X, la dotaci\u00f3n de medicamentos y material de curaci\u00f3n.&nbsp;<\/p>\n\n\n\n<p>Finalmente, dio a conocer que se mantienen a la espera de que el servicio de salud sea de car\u00e1cter gratuito como se los prometi\u00f3 el presidente de la Rep\u00fablica, Andr\u00e9s Manuel L\u00f3pez Obrador, lo cual a\u00fan no sucede en la zona, pese a que se trata de poblaci\u00f3n vulnerable.&nbsp;&nbsp;<\/p>\n\n\n\n<p>A la par que se manifestaron preocupados ante la tercera oleada de Covid-19 que se registra y que est\u00e1 afectando a la poblaci\u00f3n mixe.&nbsp;<\/p>\n\n\n\n<p>\u00abNo hay un \u00e1rea especial para dar servicio por la pandemia, si hay casos en la zona, pero no se pueden atender en el hospital raz\u00f3n por la que las personas se atienden en su casa y con tratamientos tradicionales\u00bb, dijo Lucy Hern\u00e1ndez P\u00e9rez, presidenta del Hospital B\u00e1sico Comunitario.&nbsp;<\/p>\n","protected":false},"excerpt":{"rendered":"<p>Evlin Arag\u00f3n\/Zona Roja. Oaxaca de Ju\u00e1rez, Oax., 19 de agosto de 2021.- La tercera ola&hellip;<\/p>\n","protected":false},"author":2,"featured_media":31081,"comment_status":"closed","ping_status":"open","sticky":false,"template":"","format":"standard","meta":{"_lmt_disableupdate":"","_lmt_disable":"","_jetpack_memberships_contains_paid_content":false,"footnotes":""},"categories":[109,47],"tags":[587],"class_list":["post-31080","post","type-post","status-publish","format-standard","has-post-thumbnail","hentry","category-minuto-a-minuto","category-zona-gris","tag-tamazulapam-del-espiritu-santo"],"jetpack_featured_media_url":"https:\/\/zonaroja.com.mx\/wp-content\/uploads\/2021\/08\/Conferencia-Tamazulapam-del-ES.jpg","jetpack_sharing_enabled":true,"_links":{"self":[{"href":"https:\/\/zonaroja.com.mx\/index.php?rest_route=\/wp\/v2\/posts\/31080","targetHints":{"allow":["GET"]}}],"collection":[{"href":"https:\/\/zonaroja.com.mx\/index.php?rest_route=\/wp\/v2\/posts"}],"about":[{"href":"https:\/\/zonaroja.com.mx\/index.php?rest_route=\/wp\/v2\/types\/post"}],"author":[{"embeddable":true,"href":"https:\/\/zonaroja.com.mx\/index.php?rest_route=\/wp\/v2\/users\/2"}],"replies":[{"embeddable":true,"href":"https:\/\/zonaroja.com.mx\/index.php?rest_route=%2Fwp%2Fv2%2Fcomments&post=31080"}],"version-history":[{"count":1,"href":"https:\/\/zonaroja.com.mx\/index.php?rest_route=\/wp\/v2\/posts\/31080\/revisions"}],"predecessor-version":[{"id":31082,"href":"https:\/\/zonaroja.com.mx\/index.php?rest_route=\/wp\/v2\/posts\/31080\/revisions\/31082"}],"wp:featuredmedia":[{"embeddable":true,"href":"https:\/\/zonaroja.com.mx\/index.php?rest_route=\/wp\/v2\/media\/31081"}],"wp:attachment":[{"href":"https:\/\/zonaroja.com.mx\/index.php?rest_route=%2Fwp%2Fv2%2Fmedia&parent=31080"}],"wp:term":[{"taxonomy":"category","embeddable":true,"href":"https:\/\/zonaroja.com.mx\/index.php?rest_route=%2Fwp%2Fv2%2Fcategories&post=31080"},{"taxonomy":"post_tag","embeddable":true,"href":"https:\/\/zonaroja.com.mx\/index.php?rest_route=%2Fwp%2Fv2%2Ftags&post=31080"}],"curies":[{"name":"wp","href":"https:\/\/api.w.org\/{rel}","templated":true}]}}