{"id":31090,"date":"2021-08-19T20:18:10","date_gmt":"2021-08-20T01:18:10","guid":{"rendered":"http:\/\/www.zonaroja.com.mx\/?p=31090"},"modified":"2021-08-19T20:18:13","modified_gmt":"2021-08-20T01:18:13","slug":"cuatro-dias-despues-y-tras-huelga-de-hambre-de-mitlatongo-inicia-segego-dialogo","status":"publish","type":"post","link":"https:\/\/zonaroja.com.mx\/?p=31090","title":{"rendered":"Cuatro d\u00edas despu\u00e9s y tras huelga de hambre de Mitlatongo, inicia Segego di\u00e1logo"},"content":{"rendered":"\n<p>Evlin Arag\u00f3n\/Zona Roja.<\/p>\n\n\n\n<p>Oaxaca de Ju\u00e1rez, Oax., 19 de agosto de 2021.- Cuatro d\u00edas despu\u00e9s de los hechos violentos contra Santa Cruz Mitlatongo y tras iniciar una huelga de hambre, la Secretar\u00eda General de Gobierno (Segego) instal\u00f3 una mesa de di\u00e1logo con las partes en conflicto.<\/p>\n\n\n\n<p>Tal y como lo hab\u00edan anunciado, al menos 30 habitantes de Santa Cruz se instalaron en huelga de hambre, para exigir la liberaci\u00f3n y presentaci\u00f3n con vida de Jos\u00e9 Antonio Guzm\u00e1n Santiago, desaparecido desde el pasado lunes tras un ataque armado realizado por sus vecinos de Santiago Mitlatongo.<\/p>\n\n\n\n<p>Al grito de \u201c\u00a1Justicia!\u201d y \u201c\u00a1Castigo a los responsables!\u201d se ubicaron, despu\u00e9s del mediod\u00eda, en uno de los accesos al Palacio de Gobierno ubicado en el z\u00f3calo de la ciudad, en donde colocaron una enorme manta con letras rojas en la que evidenciaban su principal exigencia.<\/p>\n\n\n\n<p>La poblaci\u00f3n reclam\u00f3 que pese, al paso de m\u00e1s de 72 horas, el gobierno de Oaxaca no haya intervenido de manera contundente, por lo que pidieron la presencia del gobernador Alejandro Murat, el fiscal Arturo Peimbert y representantes de la Guardia Nacional.<\/p>\n\n\n\n<p>Fue solo despu\u00e9s de la protesta que personal de la Secretar\u00eda General de Gobierno (Segego), arrib\u00f3 al lugar y en una camioneta traslad\u00f3 a una comisi\u00f3n de pobladores para sostener una reuni\u00f3n; sin embargo, en dicha reuni\u00f3n no hubo presencia de los titulares de la dependencia y mucho menos de la Fiscal\u00eda General.<\/p>\n\n\n\n<figure class=\"wp-block-embed-twitter wp-block-embed is-type-rich is-provider-twitter\"><div class=\"wp-block-embed__wrapper\">\n<div class=\"twitter-tweet\"><blockquote class=\"twitter-tweet\" data-lang=\"es\"><p lang=\"es\" dir=\"ltr\"><a href=\"https:\/\/twitter.com\/hashtag\/%C3%9AltimoMinuto?src=hash&amp;ref_src=twsrc%5Etfw\">#\u00daltimoMinuto<\/a> <br>Y enga\u00f1a la <a href=\"https:\/\/twitter.com\/SEGEGO_GobOax?ref_src=twsrc%5Etfw\">@SEGEGO_GobOax<\/a> a la comisi\u00f3n de Santa Cruz Mitlatongo.<br>Se los llev\u00f3 a reuni\u00f3n pero no estaban titulares de esa dependencia y de la <a href=\"https:\/\/twitter.com\/FISCALIA_GobOax?ref_src=twsrc%5Etfw\">@FISCALIA_GobOax<\/a>. <br>Rompen el intento de di\u00e1logo y regresan a centro de la ciudad de Oaxaca. <a href=\"https:\/\/t.co\/O6W8wM0sF3\">pic.twitter.com\/O6W8wM0sF3<\/a><\/p>&mdash; Zona Roja Oaxaca (@Zona_Roja_Oax) <a href=\"https:\/\/twitter.com\/Zona_Roja_Oax\/status\/1428415591002554380?ref_src=twsrc%5Etfw\">19 de agosto de 2021<\/a><\/blockquote><\/div>\n<\/div><\/figure>\n\n\n\n<p>Por lo anterior se rompi\u00f3 el intento de di\u00e1logo y los manifestantes regresaron al z\u00f3calo de la ciudad para exigir una mesa de atenci\u00f3n con autoridades de alto nivel, incluido el mandatario estatal, para dar soluci\u00f3n al conflicto en la zona. Despu\u00e9s de ello, de nuevo convencieron a una comisi\u00f3n de Santa Cruz para acudir a las oficinas de gobierno.<\/p>\n\n\n\n<p>\u201cSabemos c\u00f3mo trabajan los subordinados del se\u00f1or gobernador y para nosotros el tiempo es vital porque lo tienen en sus manos y no sabemos si lo est\u00e1n alimentando o est\u00e1 golpeado\u201d, dijo Marcelino L\u00f3pez.<\/p>\n\n\n\n<p>Apenas ayer, la familia de Jos\u00e9 Antonio Guzm\u00e1n Santiago pidi\u00f3 a las autoridades de Seguridad y Procuraci\u00f3n de Justicia iniciaran la b\u00fasqueda del tambi\u00e9n jefe de polic\u00eda comunitaria, quien result\u00f3 herido de bala en el ataque armado que se registr\u00f3 el pasado lunes.&nbsp;<\/p>\n\n\n\n<p>Al interior de la Defensor\u00eda de los Derechos Humanos del Pueblo de Oaxaca, recordaron que la violencia que ejerce la comunidad de Santiago en contra de su gente no es nueva, por el contrario, en mayo y septiembre del 2020 se registraron ataques armados y secuestros, ello debido al conflicto agrario que se viven en la zona.<\/p>\n\n\n\n<p>Ambas comunidades disputan un aproximado de mil 200 hect\u00e1reas que, de acuerdo con Santa Cruz Mitlatongo, por decreto presidencial les pertenecen.&nbsp;<\/p>\n\n\n\n<p>En un comunicado, la Secretar\u00eda General de Gobierno (Segego) inform\u00f3 hoy del inicio del di\u00e1logo, con la presencia de representantes del municipio de Asunci\u00f3n Nochixtl\u00e1n y de Santiago Mitlatongo.<\/p>\n\n\n\n<p>Las partes acordaron iniciar una b\u00fasqueda, con anuencia de pobladores de los dos Mitlatongo, y con la participaci\u00f3n de fuerzas federales y estatales; asimismo, la presencia de la Guardia Nacional en la zona.<\/p>\n","protected":false},"excerpt":{"rendered":"<p>Evlin Arag\u00f3n\/Zona Roja. Oaxaca de Ju\u00e1rez, Oax., 19 de agosto de 2021.- Cuatro d\u00edas despu\u00e9s&hellip;<\/p>\n","protected":false},"author":2,"featured_media":31091,"comment_status":"closed","ping_status":"open","sticky":false,"template":"","format":"standard","meta":{"_lmt_disableupdate":"","_lmt_disable":"","_jetpack_memberships_contains_paid_content":false,"footnotes":""},"categories":[109,47],"tags":[1667],"class_list":["post-31090","post","type-post","status-publish","format-standard","has-post-thumbnail","hentry","category-minuto-a-minuto","category-zona-gris","tag-santa-cruz-mitlatongo"],"jetpack_featured_media_url":"https:\/\/zonaroja.com.mx\/wp-content\/uploads\/2021\/08\/Protesta-Mitlatongo-Palacio.jpg","jetpack_sharing_enabled":true,"_links":{"self":[{"href":"https:\/\/zonaroja.com.mx\/index.php?rest_route=\/wp\/v2\/posts\/31090","targetHints":{"allow":["GET"]}}],"collection":[{"href":"https:\/\/zonaroja.com.mx\/index.php?rest_route=\/wp\/v2\/posts"}],"about":[{"href":"https:\/\/zonaroja.com.mx\/index.php?rest_route=\/wp\/v2\/types\/post"}],"author":[{"embeddable":true,"href":"https:\/\/zonaroja.com.mx\/index.php?rest_route=\/wp\/v2\/users\/2"}],"replies":[{"embeddable":true,"href":"https:\/\/zonaroja.com.mx\/index.php?rest_route=%2Fwp%2Fv2%2Fcomments&post=31090"}],"version-history":[{"count":1,"href":"https:\/\/zonaroja.com.mx\/index.php?rest_route=\/wp\/v2\/posts\/31090\/revisions"}],"predecessor-version":[{"id":31092,"href":"https:\/\/zonaroja.com.mx\/index.php?rest_route=\/wp\/v2\/posts\/31090\/revisions\/31092"}],"wp:featuredmedia":[{"embeddable":true,"href":"https:\/\/zonaroja.com.mx\/index.php?rest_route=\/wp\/v2\/media\/31091"}],"wp:attachment":[{"href":"https:\/\/zonaroja.com.mx\/index.php?rest_route=%2Fwp%2Fv2%2Fmedia&parent=31090"}],"wp:term":[{"taxonomy":"category","embeddable":true,"href":"https:\/\/zonaroja.com.mx\/index.php?rest_route=%2Fwp%2Fv2%2Fcategories&post=31090"},{"taxonomy":"post_tag","embeddable":true,"href":"https:\/\/zonaroja.com.mx\/index.php?rest_route=%2Fwp%2Fv2%2Ftags&post=31090"}],"curies":[{"name":"wp","href":"https:\/\/api.w.org\/{rel}","templated":true}]}}