{"id":31093,"date":"2021-08-19T21:42:48","date_gmt":"2021-08-20T02:42:48","guid":{"rendered":"http:\/\/www.zonaroja.com.mx\/?p=31093"},"modified":"2021-08-19T21:42:51","modified_gmt":"2021-08-20T02:42:51","slug":"y-marquez-heine-la-volvio-a-hacer-unio-a-todos-pero-en-su-contra","status":"publish","type":"post","link":"https:\/\/zonaroja.com.mx\/?p=31093","title":{"rendered":"Y M\u00e1rquez Heine la volvi\u00f3 a hacer: uni\u00f3 a todos, pero en su contra"},"content":{"rendered":"\n<p>Redacci\u00f3n\/Zona Roja.<\/p>\n\n\n\n<p>Oaxaca de Ju\u00e1rez, Oax., 19 de agosto de 2021.- Juan Carlos M\u00e1rquez Heine la volvi\u00f3 a hacer: uni\u00f3 a todos\u2026 pero en su contra. Tanto que hasta los del PRI lo abandonaron, mientras que los morenistas pidieron su renuncia.<\/p>\n\n\n\n<p>Comparecencia programada a las 10:00 horas en la sede del Poder Legislativo, en San Raymundo Jalpan, que inici\u00f3 casi una hora despu\u00e9s.<\/p>\n\n\n\n<p>La raz\u00f3n: protestas de por lo menos tres gremios sindicales, airados por el rechazo a recontratar a personal eventual.<\/p>\n\n\n\n<p>Gritos, manotazos, cartulinas, reclamos y peticiones de renuncia en las tres puertas de acceso a las instalaciones, que el titular de los Servicios de Salud de Oaxaca logr\u00f3 evadir, al llegar minutos antes de la hora de la cita.<\/p>\n\n\n\n<p>Un grupo del Sindicato Independiente de Trabajadores se traslad\u00f3 desde la avenida Ju\u00e1rez hasta el recinto, para iniciar el espect\u00e1culo. Dos gremios m\u00e1s arribaron al lugar.<\/p>\n\n\n\n<figure class=\"wp-block-embed-twitter wp-block-embed is-type-rich is-provider-twitter\"><div class=\"wp-block-embed__wrapper\">\n<div class=\"twitter-tweet\"><blockquote class=\"twitter-tweet\" data-lang=\"es\"><p lang=\"es\" dir=\"ltr\"><a href=\"https:\/\/twitter.com\/hashtag\/%C3%9AltimoMinuto?src=hash&amp;ref_src=twsrc%5Etfw\">#\u00daltimoMinuto<\/a> <br>Mientras tanto en la sede del <a href=\"https:\/\/twitter.com\/CongresoOaxLXIV?ref_src=twsrc%5Etfw\">@CongresoOaxLXIV<\/a>, entre protestas, bloqueos y gritos transcurri\u00f3 la comparecencia del titular de los <a href=\"https:\/\/twitter.com\/SSO_GobOax?ref_src=twsrc%5Etfw\">@SSO_GobOax<\/a>. <br>Y no bien terminaba la presentaci\u00f3n, el secretario <a href=\"https:\/\/twitter.com\/JC_MarquezH?ref_src=twsrc%5Etfw\">@JC_MarquezH<\/a> sali\u00f3 huyendo. <a href=\"https:\/\/t.co\/tSfHrUKXhw\">pic.twitter.com\/tSfHrUKXhw<\/a><\/p>&mdash; Zona Roja Oaxaca (@Zona_Roja_Oax) <a href=\"https:\/\/twitter.com\/Zona_Roja_Oax\/status\/1428418870763786245?ref_src=twsrc%5Etfw\">19 de agosto de 2021<\/a><\/blockquote><\/div>\n<\/div><\/figure>\n\n\n\n<p>Los diputados, entre empujones, apenas lograron entrar\u2026 a cambio de permitir entrar a los inconformes.<\/p>\n\n\n\n<p>Casi a las 11:00 inici\u00f3 la comparecencia en comisiones. S\u00f3lo preguntas acosadoras ante m\u00faltiples irregularidades y abandono de la dependencia.<\/p>\n\n\n\n<p>\u201cSecretario de Salud, o deber\u00eda decir secretario de la tragedia de salud en Oaxaca: la pregunta es sencilla: d\u00f3nde est\u00e1 el dinero de los trabajadores; afuera hay trabajadores del extinto Seguro Popular porque a la fecha no han sido liquidados o recontratados\u00bb, puntualiz\u00f3 Magaly L\u00f3pez Dom\u00ednguez.<\/p>\n\n\n\n<p>\u201cLos cerca de cinco millones 400 mil pesos para su liquidaci\u00f3n simplemente desaparecieron; d\u00f3nde est\u00e1 ese dinero. D\u00f3nde est\u00e1 el dinero con que se debi\u00f3 cubrir los sueldos que se adeudan. D\u00f3nde est\u00e1 el dinero que debi\u00f3 enterar al ISSSTE y al SAT\u201d, fue parte de los m\u00faltiples cuestionamientos.<\/p>\n\n\n\n<p>Y vino la puntilla de la legisladora morenista:<\/p>\n\n\n\n<p>\u201cEl avance de la pandemia en el estado no es causada por el virus, secretario, sino por las facilidades que usted le entrega en bandeja de plata. La corrupci\u00f3n mata, la gesti\u00f3n de usted es un claro ejemplo. Tiene usted en sus manos la muerte de miles de oaxaque\u00f1os; ning\u00fan asesino serial ha matado tanta gente como usted. \u00a1Tenga un poco de dignidad secretario y renuncie, en Oaxaca no lo queremos!\u201d.<\/p>\n\n\n\n<figure class=\"wp-block-embed-twitter wp-block-embed is-type-rich is-provider-twitter\"><div class=\"wp-block-embed__wrapper\">\n<div class=\"twitter-tweet\"><blockquote class=\"twitter-tweet\" data-lang=\"es\"><p lang=\"es\" dir=\"ltr\">\u201cSecretario de Salud, o deber\u00eda decir secretario de la tragedia de salud, la pregunta es sencilla, d\u00f3nde est\u00e1 el dinero de trabajadores\u201d, cuestion\u00f3 la diputada <a href=\"https:\/\/twitter.com\/Magaly_LopezOax?ref_src=twsrc%5Etfw\">@Magaly_LopezOax<\/a> al titular de los <a href=\"https:\/\/twitter.com\/SSO_GobOax?ref_src=twsrc%5Etfw\">@SSO_GobOax<\/a>, <a href=\"https:\/\/twitter.com\/JC_MarquezH?ref_src=twsrc%5Etfw\">@JC_MarquezH<\/a>, en la comparecencia. Ante corrupci\u00f3n, le pidi\u00f3 renuncie. <a href=\"https:\/\/t.co\/UV378iYVzY\">pic.twitter.com\/UV378iYVzY<\/a><\/p>&mdash; Zona Roja Oaxaca (@Zona_Roja_Oax) <a href=\"https:\/\/twitter.com\/Zona_Roja_Oax\/status\/1428457044756078599?ref_src=twsrc%5Etfw\">19 de agosto de 2021<\/a><\/blockquote><\/div>\n<\/div><\/figure>\n\n\n\n<p>En tanto, C\u00e9sar Morales Ni\u00f1o reforz\u00f3:<\/p>\n\n\n\n<p>\u201cSe\u00f1or secretario, qu\u00e9 bueno que est\u00e1 aqu\u00ed, hay muchas cosas qu\u00e9 preguntarle, es tanta la problem\u00e1tica que hay en el sector salud que no bastar\u00eda una comparecencia, usted tendr\u00eda que ser llamado a cuentas por las instancias correspondientes, ante todas las anomal\u00edas que est\u00e1n pasando en esta dependencia y que han puesto en riesgo la salud y la vida de los oaxaque\u00f1os por tanta negligencia y malos manejos de los recursos p\u00fablicos\u201d.<\/p>\n\n\n\n<p>Remarc\u00f3 sobre el incremento de las inversiones al sector, de m\u00e1s de seis mil millones de pesos anuales, en su mayor cantidad para pago de n\u00f3mina. Y remat\u00f3: \u201c\u00bfCu\u00e1ndo va a dejar de hacerle da\u00f1o al pueblo de Oaxaca con su negligencia?\u201d.<\/p>\n\n\n\n<p>\u201c\u00a1Sa\u00fal Maldonado Cort\u00e9s (dirigente sindical) muri\u00f3 por Covid, no tuvo los medicamentos! \u00a1Vete de Oaxaca! \u00a1No sirves!\u201d, los gritos de sindicalizados durante la sesi\u00f3n, permitidos por el presidente de la Comisi\u00f3n de Salud, Emilio Joaqu\u00edn Garc\u00eda Aguilar, que en absoluto impidi\u00f3 las interrupciones.<\/p>\n\n\n\n<figure class=\"wp-block-embed-twitter wp-block-embed is-type-rich is-provider-twitter\"><div class=\"wp-block-embed__wrapper\">\n<div class=\"twitter-tweet\"><blockquote class=\"twitter-tweet\" data-lang=\"es\"><p lang=\"es\" dir=\"ltr\">El diputado <a href=\"https:\/\/twitter.com\/cesarmoralesn?ref_src=twsrc%5Etfw\">@cesarmoralesn<\/a> cuestion\u00f3 tambi\u00e9n las m\u00faltiples omisiones del titular de los <a href=\"https:\/\/twitter.com\/SSO_GobOax?ref_src=twsrc%5Etfw\">@SSO_GobOax<\/a>, <a href=\"https:\/\/twitter.com\/JC_MarquezH?ref_src=twsrc%5Etfw\">@JC_MarquezH<\/a>:<br>\u201cCuando va a dejar de hacerle da\u00f1o al pueblo de Oaxaca con su negligencia\u201d, le dijo en la comparecencia de hoy. <a href=\"https:\/\/t.co\/hhJeTw78Z3\">pic.twitter.com\/hhJeTw78Z3<\/a><\/p>&mdash; Zona Roja Oaxaca (@Zona_Roja_Oax) <a href=\"https:\/\/twitter.com\/Zona_Roja_Oax\/status\/1428483551670964236?ref_src=twsrc%5Etfw\">19 de agosto de 2021<\/a><\/blockquote><\/div>\n<\/div><\/figure>\n\n\n\n<p>M\u00e1rquez Heine, con voz de aut\u00f3mata, se limit\u00f3 a leer su exposici\u00f3n y a detallar en cifras las causas de la crisis, la principal de ellas, la contrataci\u00f3n de miles de trabajadores en los \u00faltimos a\u00f1os, sin tener el soporte presupuestal.<\/p>\n\n\n\n<p>Ning\u00fan priista sali\u00f3 a defenderlo, por el contrario, ni se aparecieron. Poco m\u00e1s de dos horas dur\u00f3 la comparecencia, pero no el suplicio.<\/p>\n\n\n\n<p>Apenas termin\u00f3, a M\u00e1rquez Heine lo persiguieron los sindicalizados hasta en el s\u00f3tano del recinto, donde abord\u00f3 su veh\u00edculo:<\/p>\n\n\n\n<p>\u201c\u00a1Vete al Estado de M\u00e9xico, t\u00fa no quieres a los oaxaque\u00f1os! \u00a1Ratero! \u00a1No te importamos, corrupto! \u00a1Ratero!\u201d\u2026 fue la despedida de Heine\u2026 y quiz\u00e1 su tumba.<\/p>\n\n\n\n<figure class=\"wp-block-embed-twitter wp-block-embed is-type-rich is-provider-twitter\"><div class=\"wp-block-embed__wrapper\">\n<div class=\"twitter-tweet\"><blockquote class=\"twitter-tweet\" data-lang=\"es\"><p lang=\"es\" dir=\"ltr\">As\u00ed cerr\u00f3 la comparecencia de <a href=\"https:\/\/twitter.com\/JC_MarquezH?ref_src=twsrc%5Etfw\">@JC_MarquezH<\/a> ante la Comisi\u00f3n de Salud del <a href=\"https:\/\/twitter.com\/CongresoOaxLXIV?ref_src=twsrc%5Etfw\">@CongresoOaxLXIV<\/a>, entre gritos y reclamos de sindicalizados que lo persiguieron hasta el estacionamiento, y a\u00fan en la calle trataron de impedir que huyera el titular de los <a href=\"https:\/\/twitter.com\/SSO_GobOax?ref_src=twsrc%5Etfw\">@SSO_GobOax<\/a>. <a href=\"https:\/\/t.co\/qbpTAYtfVg\">pic.twitter.com\/qbpTAYtfVg<\/a><\/p>&mdash; Zona Roja Oaxaca (@Zona_Roja_Oax) <a href=\"https:\/\/twitter.com\/Zona_Roja_Oax\/status\/1428545585855008770?ref_src=twsrc%5Etfw\">20 de agosto de 2021<\/a><\/blockquote><\/div>\n<\/div><\/figure>\n","protected":false},"excerpt":{"rendered":"<p>Redacci\u00f3n\/Zona Roja. Oaxaca de Ju\u00e1rez, Oax., 19 de agosto de 2021.- Juan Carlos M\u00e1rquez Heine&hellip;<\/p>\n","protected":false},"author":2,"featured_media":31094,"comment_status":"closed","ping_status":"open","sticky":false,"template":"","format":"standard","meta":{"_lmt_disableupdate":"","_lmt_disable":"","_jetpack_memberships_contains_paid_content":false,"footnotes":""},"categories":[109,47],"tags":[1701,1005],"class_list":["post-31093","post","type-post","status-publish","format-standard","has-post-thumbnail","hentry","category-minuto-a-minuto","category-zona-gris","tag-juan-carlos-marquez-heine","tag-servicios-de-salud-de-oaxaca-sso"],"jetpack_featured_media_url":"https:\/\/zonaroja.com.mx\/wp-content\/uploads\/2021\/08\/Protestas-Congreso-Oaxaca-salud.jpg","jetpack_sharing_enabled":true,"_links":{"self":[{"href":"https:\/\/zonaroja.com.mx\/index.php?rest_route=\/wp\/v2\/posts\/31093","targetHints":{"allow":["GET"]}}],"collection":[{"href":"https:\/\/zonaroja.com.mx\/index.php?rest_route=\/wp\/v2\/posts"}],"about":[{"href":"https:\/\/zonaroja.com.mx\/index.php?rest_route=\/wp\/v2\/types\/post"}],"author":[{"embeddable":true,"href":"https:\/\/zonaroja.com.mx\/index.php?rest_route=\/wp\/v2\/users\/2"}],"replies":[{"embeddable":true,"href":"https:\/\/zonaroja.com.mx\/index.php?rest_route=%2Fwp%2Fv2%2Fcomments&post=31093"}],"version-history":[{"count":1,"href":"https:\/\/zonaroja.com.mx\/index.php?rest_route=\/wp\/v2\/posts\/31093\/revisions"}],"predecessor-version":[{"id":31095,"href":"https:\/\/zonaroja.com.mx\/index.php?rest_route=\/wp\/v2\/posts\/31093\/revisions\/31095"}],"wp:featuredmedia":[{"embeddable":true,"href":"https:\/\/zonaroja.com.mx\/index.php?rest_route=\/wp\/v2\/media\/31094"}],"wp:attachment":[{"href":"https:\/\/zonaroja.com.mx\/index.php?rest_route=%2Fwp%2Fv2%2Fmedia&parent=31093"}],"wp:term":[{"taxonomy":"category","embeddable":true,"href":"https:\/\/zonaroja.com.mx\/index.php?rest_route=%2Fwp%2Fv2%2Fcategories&post=31093"},{"taxonomy":"post_tag","embeddable":true,"href":"https:\/\/zonaroja.com.mx\/index.php?rest_route=%2Fwp%2Fv2%2Ftags&post=31093"}],"curies":[{"name":"wp","href":"https:\/\/api.w.org\/{rel}","templated":true}]}}