{"id":31105,"date":"2021-08-20T07:40:25","date_gmt":"2021-08-20T12:40:25","guid":{"rendered":"http:\/\/www.zonaroja.com.mx\/?p=31105"},"modified":"2021-08-20T07:48:39","modified_gmt":"2021-08-20T12:48:39","slug":"exigen-indagar-asesinato-de-periodista-de-veracruz","status":"publish","type":"post","link":"https:\/\/zonaroja.com.mx\/?p=31105","title":{"rendered":"Exigen indagar asesinato de periodista de Veracruz"},"content":{"rendered":"\n<p>Redacci\u00f3n\/Zona Roja Cdmx.<\/p>\n\n\n\n<p>Ciudad de M\u00e9xico, 20 de agosto de 2021.- Periodistas del estado de Veracruz demandaron indagar a la brevedad y castigar a el o los responsables del asesinato del comunicador Jacinto Romero Flores.<\/p>\n\n\n\n<p>El tambi\u00e9n locutor fue ultimado a balazos ayer mientras transitaba en su veh\u00edculo, con placas de circulaci\u00f3n YNJ-599-A en el bulevar Reforma, en la unidad habitacional Potrerito del municipio de Ixtaczoquitl\u00e1n.<\/p>\n\n\n\n<p>Su esposa Mariana Gonz\u00e1lez Ju\u00e1rez identific\u00f3 el cad\u00e1ver y demand\u00f3 castigo a los responsables, pues ya hab\u00eda sido amenazado con anterioridad; a la exigencia se sumaron periodistas veracruzanos.<\/p>\n\n\n\n<p>Romero Flores era locutor de Ori Stereo y del programa Radio Ixtac Online; hab\u00eda salido de su domicilio para recolectar ayuda en favor de unas personas que la hab\u00edan solicitado en su programa de radio.<\/p>\n\n\n\n<p>En lo que va del gobierno de Cuitl\u00e1huac Garc\u00eda han sido asesinados cuatro periodistas: Julio Valdivia, del diario \u201cEl Mundo\u201d, en septiembre de 2020; Mar\u00eda Elena Ferral Hern\u00e1ndez, corresponsal del \u201cDiario de Xalapa\u201d y directora de \u201cQuinto Poder\u201d, el 30 de marzo de 2020; Jorge Celestino Ruiz V\u00e1zquez, reportero del diario \u201cGr\u00e1fico de Xalapa\u201d, en agosto de 2019, y ahora Jacinto Romero.<\/p>\n\n\n\n<p>(Con informaci\u00f3n de \u00abLa Jornada\u00bb)<\/p>\n","protected":false},"excerpt":{"rendered":"<p>Redacci\u00f3n\/Zona Roja Cdmx. Ciudad de M\u00e9xico, 20 de agosto de 2021.- Periodistas del estado de&hellip;<\/p>\n","protected":false},"author":2,"featured_media":31106,"comment_status":"closed","ping_status":"open","sticky":false,"template":"","format":"standard","meta":{"_lmt_disableupdate":"","_lmt_disable":"","_jetpack_memberships_contains_paid_content":false,"footnotes":""},"categories":[109,51],"tags":[2855],"class_list":["post-31105","post","type-post","status-publish","format-standard","has-post-thumbnail","hentry","category-minuto-a-minuto","category-zona-roja","tag-jacinto-romero-flores"],"jetpack_featured_media_url":"https:\/\/zonaroja.com.mx\/wp-content\/uploads\/2021\/08\/Jacinto-Romero-Flores.jpg","jetpack_sharing_enabled":true,"_links":{"self":[{"href":"https:\/\/zonaroja.com.mx\/index.php?rest_route=\/wp\/v2\/posts\/31105","targetHints":{"allow":["GET"]}}],"collection":[{"href":"https:\/\/zonaroja.com.mx\/index.php?rest_route=\/wp\/v2\/posts"}],"about":[{"href":"https:\/\/zonaroja.com.mx\/index.php?rest_route=\/wp\/v2\/types\/post"}],"author":[{"embeddable":true,"href":"https:\/\/zonaroja.com.mx\/index.php?rest_route=\/wp\/v2\/users\/2"}],"replies":[{"embeddable":true,"href":"https:\/\/zonaroja.com.mx\/index.php?rest_route=%2Fwp%2Fv2%2Fcomments&post=31105"}],"version-history":[{"count":2,"href":"https:\/\/zonaroja.com.mx\/index.php?rest_route=\/wp\/v2\/posts\/31105\/revisions"}],"predecessor-version":[{"id":31108,"href":"https:\/\/zonaroja.com.mx\/index.php?rest_route=\/wp\/v2\/posts\/31105\/revisions\/31108"}],"wp:featuredmedia":[{"embeddable":true,"href":"https:\/\/zonaroja.com.mx\/index.php?rest_route=\/wp\/v2\/media\/31106"}],"wp:attachment":[{"href":"https:\/\/zonaroja.com.mx\/index.php?rest_route=%2Fwp%2Fv2%2Fmedia&parent=31105"}],"wp:term":[{"taxonomy":"category","embeddable":true,"href":"https:\/\/zonaroja.com.mx\/index.php?rest_route=%2Fwp%2Fv2%2Fcategories&post=31105"},{"taxonomy":"post_tag","embeddable":true,"href":"https:\/\/zonaroja.com.mx\/index.php?rest_route=%2Fwp%2Fv2%2Ftags&post=31105"}],"curies":[{"name":"wp","href":"https:\/\/api.w.org\/{rel}","templated":true}]}}