{"id":31109,"date":"2021-08-20T07:54:06","date_gmt":"2021-08-20T12:54:06","guid":{"rendered":"http:\/\/www.zonaroja.com.mx\/?p=31109"},"modified":"2021-08-20T07:54:09","modified_gmt":"2021-08-20T12:54:09","slug":"publican-numero-18-de-boletin-derechos-humanos-genero-y-justicia","status":"publish","type":"post","link":"https:\/\/zonaroja.com.mx\/?p=31109","title":{"rendered":"Publican n\u00famero 18 de bolet\u00edn \u201cDerechos Humanos, G\u00e9nero y Justicia\u201d"},"content":{"rendered":"\n<p>Redacci\u00f3n\/Zona Roja.<\/p>\n\n\n\n<p>Oaxaca de Ju\u00e1rez, Oax., 20 de agosto de 2021.- El 2021 se ha situado como un a\u00f1o en donde converge un an\u00e1lisis sobre los diversos retos y avances que se han presentado en las \u00faltimas d\u00e9cadas tanto en materia ind\u00edgena como de derechos humanos, temas que el Poder Judicial del Estado, a trav\u00e9s de la Direcci\u00f3n de Derechos Humanos del Consejo de la Judicatura, incluye, comparte y reflexiona en la edici\u00f3n n\u00famero 18 del bolet\u00edn digital \u201cDerechos Humanos, G\u00e9nero y Justicia\u201d.<\/p>\n\n\n\n<p>La publicaci\u00f3n mensual es un espacio que permite la cr\u00edtica, propuesta e innovaci\u00f3n a trav\u00e9s de diversos contenidos que tienen la finalidad de crear una reflexi\u00f3n sobre t\u00f3picos actuales y la manera en que se administra la justicia desde diferentes perspectivas como g\u00e9nero, pluralismo jur\u00eddico, interculturalidad, as\u00ed como los derechos humanos.<\/p>\n\n\n\n<p>El art\u00edculo \u201cArgumentaci\u00f3n y perspectiva de g\u00e9nero\u201d, escrito por la maestra Monivet Shaley L\u00f3pez Garc\u00eda, aborda un an\u00e1lisis sobre como las normas, impartici\u00f3n y petici\u00f3n de justicia no pueden prescindir de una visi\u00f3n de g\u00e9nero, es decir, que cualquier situaci\u00f3n de violencia debe ser tratada por las autoridades desde una impartici\u00f3n de justicia completa e igualitaria.<\/p>\n\n\n\n<p>En \u201cEl laberinto de la justicia. San Juan Atepec, arando los surcos de la justicia\u201d, el perito sociocultural adscrito a la Sala Ind\u00edgena, Antonio Guti\u00e9rrez, hace una reflexi\u00f3n sobre los usos y costumbres que forman parte de la legitimidad del sistema normativo y la importancia que tiene para la comunidad, principalmente ante un estado de emergencia sanitaria como el que se vive por COVID-19.<\/p>\n\n\n\n<p>Por otra parte, en el apartado \u201cDerechos humanos en acci\u00f3n\u201d, se da a conocer la labor constante de la Direcci\u00f3n de Derechos Humanos para fortalecer la capacitaci\u00f3n, difusi\u00f3n y protecci\u00f3n de esta materia, as\u00ed como la vinculaci\u00f3n interinstitucional que se realiza para consolidar el respeto y garant\u00eda de los derechos humanos, uno de los ejes principales del quehacer cotidiano del Poder Judicial.<\/p>\n\n\n\n<p>Dentro de las secciones del bolet\u00edn digital se encuentran tambi\u00e9n recomendaciones literarias como \u201cChicas ca\u00f1eras\u201d de Julie Van Grol, \u201cPluralismo jur\u00eddico otros horizontes\u201d de \u00d3scar Correas, y \u201cEducar a un ni\u00f1o en el feminismo\u201d de la autora Iria Mara\u00f1\u00f3n, donde invita a educar al infante var\u00f3n desde una nueva perspectiva de respeto y empat\u00eda, como seres pensantes y aut\u00f3nomos, apartados de la construcci\u00f3n del g\u00e9nero y los roles sociales.<\/p>\n\n\n\n<p>El archivo digital se puede consultar a trav\u00e9s de las redes sociales del Tribunal Superior de Justicia, twitter @tsjoaxaca, Facebook www.facebook.com\/TSJOAX y de la Direcci\u00f3n de Derechos Humanos @DerechosDh, as\u00ed como en el enlace directo https:\/\/cutt.ly\/bQOdNVZ.<\/p>\n","protected":false},"excerpt":{"rendered":"<p>Redacci\u00f3n\/Zona Roja. Oaxaca de Ju\u00e1rez, Oax., 20 de agosto de 2021.- El 2021 se ha&hellip;<\/p>\n","protected":false},"author":2,"featured_media":31110,"comment_status":"closed","ping_status":"open","sticky":false,"template":"","format":"standard","meta":{"_lmt_disableupdate":"","_lmt_disable":"","_jetpack_memberships_contains_paid_content":false,"footnotes":""},"categories":[109,46],"tags":[223],"class_list":["post-31109","post","type-post","status-publish","format-standard","has-post-thumbnail","hentry","category-minuto-a-minuto","category-zona-blanca","tag-poder-judicial-de-oaxaca"],"jetpack_featured_media_url":"https:\/\/zonaroja.com.mx\/wp-content\/uploads\/2021\/08\/02-BOLETIN-DIGITAL-PJE.jpg","jetpack_sharing_enabled":true,"_links":{"self":[{"href":"https:\/\/zonaroja.com.mx\/index.php?rest_route=\/wp\/v2\/posts\/31109","targetHints":{"allow":["GET"]}}],"collection":[{"href":"https:\/\/zonaroja.com.mx\/index.php?rest_route=\/wp\/v2\/posts"}],"about":[{"href":"https:\/\/zonaroja.com.mx\/index.php?rest_route=\/wp\/v2\/types\/post"}],"author":[{"embeddable":true,"href":"https:\/\/zonaroja.com.mx\/index.php?rest_route=\/wp\/v2\/users\/2"}],"replies":[{"embeddable":true,"href":"https:\/\/zonaroja.com.mx\/index.php?rest_route=%2Fwp%2Fv2%2Fcomments&post=31109"}],"version-history":[{"count":1,"href":"https:\/\/zonaroja.com.mx\/index.php?rest_route=\/wp\/v2\/posts\/31109\/revisions"}],"predecessor-version":[{"id":31111,"href":"https:\/\/zonaroja.com.mx\/index.php?rest_route=\/wp\/v2\/posts\/31109\/revisions\/31111"}],"wp:featuredmedia":[{"embeddable":true,"href":"https:\/\/zonaroja.com.mx\/index.php?rest_route=\/wp\/v2\/media\/31110"}],"wp:attachment":[{"href":"https:\/\/zonaroja.com.mx\/index.php?rest_route=%2Fwp%2Fv2%2Fmedia&parent=31109"}],"wp:term":[{"taxonomy":"category","embeddable":true,"href":"https:\/\/zonaroja.com.mx\/index.php?rest_route=%2Fwp%2Fv2%2Fcategories&post=31109"},{"taxonomy":"post_tag","embeddable":true,"href":"https:\/\/zonaroja.com.mx\/index.php?rest_route=%2Fwp%2Fv2%2Ftags&post=31109"}],"curies":[{"name":"wp","href":"https:\/\/api.w.org\/{rel}","templated":true}]}}