{"id":31128,"date":"2021-08-20T16:21:03","date_gmt":"2021-08-20T21:21:03","guid":{"rendered":"http:\/\/www.zonaroja.com.mx\/?p=31128"},"modified":"2021-08-20T16:21:07","modified_gmt":"2021-08-20T21:21:07","slug":"pide-morena-verificacion-oficial-por-dano-a-arboles-en-obra-de-simbolos-patrios","status":"publish","type":"post","link":"https:\/\/zonaroja.com.mx\/?p=31128","title":{"rendered":"Pide Morena verificaci\u00f3n oficial por da\u00f1o a \u00e1rboles en obra de S\u00edmbolos Patrios"},"content":{"rendered":"\n<p>Evlin Arag\u00f3n\/Zona Roja.<\/p>\n\n\n\n<p>Oaxaca de Ju\u00e1rez, Oax., 20 de agosto de 2021.- El grupo parlamentario de Morena en la 64 Legislatura del Congreso de Oaxaca, solicit\u00f3 la intervenci\u00f3n de las secretar\u00edas del Medio Ambiente tanto a nivel estatal como federal, para que emitan un dictamen sobre el presunto da\u00f1o ecol\u00f3gico que puede generar la obra de ampliaci\u00f3n de la avenida S\u00edmbolos Patrios, anunciada por el Gobierno del Estado.&nbsp;<\/p>\n\n\n\n<p>Lo anterior, ante el reclamo de grupos ecologistas que se oponen a la ejecuci\u00f3n del proyecto de ampliaci\u00f3n a ocho carriles de la avenida ubicada en la zona metropolitana de Oaxaca, ya que argumentan el derribo de m\u00e1s de mil 500 \u00e1rboles que se traducir\u00eda en un da\u00f1o irreparable al medio ambiente.<\/p>\n\n\n\n<p>En voz del diputado local C\u00e9sar Morales Ni\u00f1o, solicitaron la intervenci\u00f3n de la Secretar\u00eda del Medio Ambiente, Energ\u00edas y Desarrollo Sustentable (Semaedeso), y de la Secretar\u00eda de Medio Ambiente y Recursos Naturales (Semarnat), en el marco de sus atribuciones, dando atenci\u00f3n a los planteamientos de la sociedad civil organizada.<\/p>\n\n\n\n<p>\u201cEl tema sigue generando incertidumbre social, por ello se propone que la Semaedeso y Semarnat analicen el asunto, hagan los pronunciamientos, recomendaciones, observaciones, dict\u00e1menes, sanciones o en su caso ejerzan las acciones necesarias para preservar la ecolog\u00eda, el medio ambiente y evitar la tala injustificada de \u00e1rboles\u201d, refiere el punto de acuerdo inscrito como de urgente y obvia resoluci\u00f3n.&nbsp;<\/p>\n\n\n\n<p>Morales Ni\u00f1o indic\u00f3 que la Secretar\u00eda de las Infraestructuras y el Ordenamiento Territorial Sustentable (SINFRA) reconoci\u00f3 que, en una primera etapa, se derribar\u00e1n 523 \u00e1rboles, s\u00f3lo 43 podr\u00e1n ser integrados al proyecto y 67 podr\u00edan ser trasplantados, acci\u00f3n que ha sido calificada como ecocidio por parte de quienes se oponen a la obra.&nbsp;&nbsp;<\/p>\n\n\n\n<p>Lo anterior se traduce en que el 95 por ciento del arbolado que actualmente se ubica en la vialidad ser\u00e1 derribado, esto al incluir los que ser\u00e1n trasplantados ya que dicha acci\u00f3n no garantiza la salud ni el desarrollo arm\u00f3nico de los ejemplares, adem\u00e1s que se carece de un plan de reforestaci\u00f3n.<\/p>\n\n\n\n<p>Las cifras oficiales se quedan por debajo a lo expuesto por la comunidad ambientalista, que asegura son mil 500 \u00e1rboles los que est\u00e1n en riesgo por la obra y cuyo derribo causar\u00e1 un irreparable da\u00f1o ecol\u00f3gico y al medio ambiente, por lo que han iniciado una serie de protestas y manifestaciones.&nbsp;<\/p>\n\n\n\n<p>El exhorto fue aprobado por el pleno, por lo que se acord\u00f3 solicitar la intervenci\u00f3n de las dependencias encargadas de la pol\u00edtica ambiental, a fin de evitar da\u00f1os que pongan en riesgo, incluso, a las y los habitantes de Oaxaca.<\/p>\n\n\n\n<p>Apenas el jueves pasado, autoridades de Sinfra reconocieron la intenci\u00f3n de derribar m\u00e1s de 500 \u00e1rboles como parte de la obra de ampliaci\u00f3n de la avenida.<\/p>\n\n\n\n<p>El ambientalista Nazario Garc\u00eda asegur\u00f3 que no se oponen al progreso, incluso apoyar\u00edan la realizaci\u00f3n de la obra siempre y cuando sea sustentable y no ponga en riesgo el arbolado, el medio ambiente y a la poblaci\u00f3n oaxaque\u00f1a que se merece una buena calidad de vida.&nbsp;&nbsp;<\/p>\n","protected":false},"excerpt":{"rendered":"<p>Evlin Arag\u00f3n\/Zona Roja. Oaxaca de Ju\u00e1rez, Oax., 20 de agosto de 2021.- El grupo parlamentario&hellip;<\/p>\n","protected":false},"author":2,"featured_media":31130,"comment_status":"closed","ping_status":"open","sticky":false,"template":"","format":"standard","meta":{"_lmt_disableupdate":"","_lmt_disable":"","_jetpack_memberships_contains_paid_content":false,"footnotes":""},"categories":[109,46],"tags":[612],"class_list":["post-31128","post","type-post","status-publish","format-standard","has-post-thumbnail","hentry","category-minuto-a-minuto","category-zona-blanca","tag-cesar-morales-nino"],"jetpack_featured_media_url":"https:\/\/zonaroja.com.mx\/wp-content\/uploads\/2021\/08\/Cesar-Morales-N.jpg","jetpack_sharing_enabled":true,"_links":{"self":[{"href":"https:\/\/zonaroja.com.mx\/index.php?rest_route=\/wp\/v2\/posts\/31128","targetHints":{"allow":["GET"]}}],"collection":[{"href":"https:\/\/zonaroja.com.mx\/index.php?rest_route=\/wp\/v2\/posts"}],"about":[{"href":"https:\/\/zonaroja.com.mx\/index.php?rest_route=\/wp\/v2\/types\/post"}],"author":[{"embeddable":true,"href":"https:\/\/zonaroja.com.mx\/index.php?rest_route=\/wp\/v2\/users\/2"}],"replies":[{"embeddable":true,"href":"https:\/\/zonaroja.com.mx\/index.php?rest_route=%2Fwp%2Fv2%2Fcomments&post=31128"}],"version-history":[{"count":1,"href":"https:\/\/zonaroja.com.mx\/index.php?rest_route=\/wp\/v2\/posts\/31128\/revisions"}],"predecessor-version":[{"id":31131,"href":"https:\/\/zonaroja.com.mx\/index.php?rest_route=\/wp\/v2\/posts\/31128\/revisions\/31131"}],"wp:featuredmedia":[{"embeddable":true,"href":"https:\/\/zonaroja.com.mx\/index.php?rest_route=\/wp\/v2\/media\/31130"}],"wp:attachment":[{"href":"https:\/\/zonaroja.com.mx\/index.php?rest_route=%2Fwp%2Fv2%2Fmedia&parent=31128"}],"wp:term":[{"taxonomy":"category","embeddable":true,"href":"https:\/\/zonaroja.com.mx\/index.php?rest_route=%2Fwp%2Fv2%2Fcategories&post=31128"},{"taxonomy":"post_tag","embeddable":true,"href":"https:\/\/zonaroja.com.mx\/index.php?rest_route=%2Fwp%2Fv2%2Ftags&post=31128"}],"curies":[{"name":"wp","href":"https:\/\/api.w.org\/{rel}","templated":true}]}}