{"id":3113,"date":"2019-08-15T16:06:24","date_gmt":"2019-08-15T21:06:24","guid":{"rendered":"http:\/\/www.zonaroja.com.mx\/?p=3113"},"modified":"2019-12-28T19:18:12","modified_gmt":"2019-12-29T01:18:12","slug":"comunidades-de-oaxaca-rechazan-nuevo-proyecto-hidroelectrico-de-amlo","status":"publish","type":"post","link":"https:\/\/zonaroja.com.mx\/?p=3113","title":{"rendered":"Comunidades de Oaxaca rechazan nuevo proyecto hidroel\u00e9ctrico de AMLO"},"content":{"rendered":"\n<p>Evlin\nArag\u00f3n\/Zona Roja.<\/p>\n\n\n\n<p>Oaxaca de\nJu\u00e1rez, Oax., 15 de agosto de 2019.- Comunidades de las regiones Sierra Sur y\nCosta de Oaxaca se pronunciaron hoy en contra del \u201cProyecto Hidroel\u00e9ctrico para\nla Generaci\u00f3n de Energ\u00eda Renovable PH R\u00edo Verde\u201d, promovido por la empresa\nGeneraci\u00f3n Enersi S.A. de C.V., que afectar\u00eda a los municipios de Santa Cruz\nZenzonepec, Santiago Ixtlayutla, Santiago Tetepec, Santa Catarina Mechoac\u00e1n,\nSan Andr\u00e9s Huaxpaltepec, Santiago Jamiltepec y Santiago Pinotepa Nacional.<\/p>\n\n\n\n<p>En\nconferencia de prensa en la capital oaxaque\u00f1a, Miguel Cruz Quiroz, edil de\nSantiago Ixtayutla; Regino Ruiz Cort\u00e9s, agente de San Lucas Atoyaquillo; Jaime\nJim\u00e9nez, agente de Paso de la Reyna, Jamiltepec, entre otros, manifestaron su\ntotal rechazo al proyecto avalado por la Secretar\u00eda del Medio Ambiente y\nRecursos Naturales.<\/p>\n\n\n\n<p>\u201cHacemos de\nconocimiento de Semarnat y la empresa Generaci\u00f3n Enersi, que no estamos de\nacuerdo con dicho proyecto y no permitiremos estudios ni su construcci\u00f3n por\nlas graves afectaciones que esto traer\u00eda a nuestra vida y a la madre\nnaturaleza\u201d, cita el oficio dirigido a la opini\u00f3n p\u00fablica.<\/p>\n\n\n\n<p>En este sentido, se dijeron sorprendidos que las autoridades federales intenten imponer este proyecto, a sabiendas que desde hace m\u00e1s de diez a\u00f1os, se han mantenido en contra del Proyecto Hidroel\u00e9ctrico Paso de la Reina que fue promovido por la entonces paraestatal Comisi\u00f3n Federal de Electricidad.<\/p>\n\n\n\n<figure class=\"wp-block-embed-twitter wp-block-embed is-type-rich is-provider-twitter\"><div class=\"wp-block-embed__wrapper\">\n<div class=\"twitter-tweet\"><blockquote class=\"twitter-tweet\" data-lang=\"es\"><p lang=\"es\" dir=\"ltr\"><a href=\"https:\/\/twitter.com\/hashtag\/OaxacaGris?src=hash&amp;ref_src=twsrc%5Etfw\">#OaxacaGris<\/a><br>Si no nos dan, que tampoco nos quiten, dicen autoridades municipales y agrarias agrupadas en el Consejo de Pueblos Ind\u00edgenas en Defensa del R\u00edo Verde (Cooudever), al denunciar imposici\u00f3n de proyecto hidroel\u00e9ctrico en la Costa oaxaque\u00f1a. <a href=\"https:\/\/t.co\/LgHo4aXgvw\">pic.twitter.com\/LgHo4aXgvw<\/a><\/p>&mdash; Zona Roja Oaxaca (@MexRoja) <a href=\"https:\/\/twitter.com\/MexRoja\/status\/1162025634215809024?ref_src=twsrc%5Etfw\">15 de agosto de 2019<\/a><\/blockquote><\/div>\n<\/div><\/figure>\n\n\n\n<p>Explicaron\nque actualmente el r\u00edo \u201cVerde\u201d se encuentro protegido por el amparo (701\/2018)\ninterpuesto en julio del a\u00f1o pasado por el ejido de Paso de la Reyna, contra la\ndeclaraci\u00f3n de zona de reserva &#8211;decretos publicados al final del gobierno de\nEnrique Pe\u00f1a Nieto&#8211;, lo que impide la construcci\u00f3n de cualquier proyecto de\ninfraestructura en sus inmediaciones.<\/p>\n\n\n\n<p>Sin embargo,\ndenunciaron que con la llegada del gobierno de Andr\u00e9s Manuel L\u00f3pez Obrador, la\nSemarnat y la Comisi\u00f3n Nacional del Agua (Conagua) interpusieron un recurso de\nrevisi\u00f3n contra la resoluci\u00f3n que reguarda el r\u00edo. <\/p>\n\n\n\n<p>\u201cNo\nentendemos porque Andr\u00e9s Manuel L\u00f3pez Obrador en su discurso dice que esta con\nlos pobres y los ind\u00edgenas, pero en su administraci\u00f3n regatea los derechos de\nlos pueblos y favorece a las empresas\u201d, indicaron.<\/p>\n\n\n\n<p>Por lo\nanterior advirtieron que conforme a sus sistemas normativos internos y con los\nderechos que les conceden los tratados internacionales y la propia Constituci\u00f3n\nmexicana, llevaran a cabo la defensa pac\u00edfica de su territorio, por las v\u00edas\nadministrativas y legales existentes.<\/p>\n","protected":false},"excerpt":{"rendered":"<p>Evlin Arag\u00f3n\/Zona Roja. Oaxaca de Ju\u00e1rez, Oax., 15 de agosto de 2019.- Comunidades de las&hellip;<\/p>\n","protected":false},"author":2,"featured_media":3114,"comment_status":"closed","ping_status":"open","sticky":false,"template":"","format":"standard","meta":{"_lmt_disableupdate":"","_lmt_disable":"","_jetpack_memberships_contains_paid_content":false,"footnotes":""},"categories":[109,47],"tags":[559],"class_list":["post-3113","post","type-post","status-publish","format-standard","has-post-thumbnail","hentry","category-minuto-a-minuto","category-zona-gris","tag-proyecto-hidroelectrio-rio-verde"],"jetpack_featured_media_url":"https:\/\/zonaroja.com.mx\/wp-content\/uploads\/2019\/08\/Copudever.jpg","jetpack_sharing_enabled":true,"_links":{"self":[{"href":"https:\/\/zonaroja.com.mx\/index.php?rest_route=\/wp\/v2\/posts\/3113","targetHints":{"allow":["GET"]}}],"collection":[{"href":"https:\/\/zonaroja.com.mx\/index.php?rest_route=\/wp\/v2\/posts"}],"about":[{"href":"https:\/\/zonaroja.com.mx\/index.php?rest_route=\/wp\/v2\/types\/post"}],"author":[{"embeddable":true,"href":"https:\/\/zonaroja.com.mx\/index.php?rest_route=\/wp\/v2\/users\/2"}],"replies":[{"embeddable":true,"href":"https:\/\/zonaroja.com.mx\/index.php?rest_route=%2Fwp%2Fv2%2Fcomments&post=3113"}],"version-history":[{"count":1,"href":"https:\/\/zonaroja.com.mx\/index.php?rest_route=\/wp\/v2\/posts\/3113\/revisions"}],"predecessor-version":[{"id":3115,"href":"https:\/\/zonaroja.com.mx\/index.php?rest_route=\/wp\/v2\/posts\/3113\/revisions\/3115"}],"wp:featuredmedia":[{"embeddable":true,"href":"https:\/\/zonaroja.com.mx\/index.php?rest_route=\/wp\/v2\/media\/3114"}],"wp:attachment":[{"href":"https:\/\/zonaroja.com.mx\/index.php?rest_route=%2Fwp%2Fv2%2Fmedia&parent=3113"}],"wp:term":[{"taxonomy":"category","embeddable":true,"href":"https:\/\/zonaroja.com.mx\/index.php?rest_route=%2Fwp%2Fv2%2Fcategories&post=3113"},{"taxonomy":"post_tag","embeddable":true,"href":"https:\/\/zonaroja.com.mx\/index.php?rest_route=%2Fwp%2Fv2%2Ftags&post=3113"}],"curies":[{"name":"wp","href":"https:\/\/api.w.org\/{rel}","templated":true}]}}