{"id":31146,"date":"2021-08-21T07:36:12","date_gmt":"2021-08-21T12:36:12","guid":{"rendered":"http:\/\/www.zonaroja.com.mx\/?p=31146"},"modified":"2021-08-21T07:36:15","modified_gmt":"2021-08-21T12:36:15","slug":"entrara-en-vigor-en-oaxaca-el-1-de-octubre-el-nuevo-sistema-en-materia-laboral","status":"publish","type":"post","link":"https:\/\/zonaroja.com.mx\/?p=31146","title":{"rendered":"Entrar\u00e1 en vigor en Oaxaca el 1 de octubre el nuevo sistema en materia laboral"},"content":{"rendered":"\n<p>Redacci\u00f3n\/Zona Roja.<\/p>\n\n\n\n<p>Oaxaca de Ju\u00e1rez, Oax., 21 de agosto de 2021.- En Oaxaca ser\u00e1 el 1 de octubre pr\u00f3ximo cuando entre en vigor el nuevo sistema de justicia laboral, por lo cual el Poder Judicial del Estado avanza en los aspectos necesarios para su implementaci\u00f3n en tiempo y forma.<\/p>\n\n\n\n<p>As\u00ed lo afirm\u00f3 el magistrado presidente Eduardo Pinacho S\u00e1nchez, quien indic\u00f3 que este tema requiere de la colaboraci\u00f3n de instancias de los tres Poderes del Estado que trabajan de manera coordinada y se re\u00fanen peri\u00f3dicamente.<\/p>\n\n\n\n<p>En entrevista, mencion\u00f3 que en lo que corresponde a la instituci\u00f3n responsable de administrar justicia, con subsidio de la federaci\u00f3n se lleva a cabo la adecuaci\u00f3n de cuatro juzgados especializados en la materia, que estar\u00e1n ubicados dos en la ciudad capital, uno en Huatulco y otro m\u00e1s en Juchit\u00e1n.<\/p>\n\n\n\n<p>Adem\u00e1s, se preparan las instalaciones de los inmuebles donde se desarrollar\u00e1 este sistema basado en los juicios orales y de los centros de conciliaci\u00f3n, ya que como parte de la reforma desaparecen las Juntas de Conciliaci\u00f3n y Arbitraje para dar paso a estos nuevos organismos y a los Tribunales Laborales, lo que har\u00e1 m\u00e1s pronta y expedita la resoluci\u00f3n de los conflictos.<\/p>\n\n\n\n<p>La conciliaci\u00f3n ser\u00e1 obligatoria, y en caso de que las partes no lleguen a un acuerdo, se acude ante los tribunales laborales, donde se llevar\u00e1n a cabo procedimientos \u00e1giles.<\/p>\n\n\n\n<p>Actualmente, para contar con las juezas y jueces que se incorporar\u00e1n a estos juzgados se concluy\u00f3 un Diplomado Especializado en el tema y est\u00e1 pr\u00f3xima la evaluaci\u00f3n de los participantes de quienes ser\u00e1n elegidos aquellos que formar\u00e1n parte de los juzgados.<\/p>\n\n\n\n<p>De esta manera, a partir de la publicaci\u00f3n en el Diario Oficial de la Federaci\u00f3n de la Reforma en Materia de Justicia Laboral, el primero de mayo de 2019; el Poder Judicial del Estado de Oaxaca avanza hacia la transici\u00f3n para la implementaci\u00f3n de la misma, a trav\u00e9s de diferentes acciones como son cambios a la normatividad, de organizaci\u00f3n, presupuestarias y capacitaci\u00f3n especializada.<\/p>\n","protected":false},"excerpt":{"rendered":"<p>Redacci\u00f3n\/Zona Roja. Oaxaca de Ju\u00e1rez, Oax., 21 de agosto de 2021.- En Oaxaca ser\u00e1 el&hellip;<\/p>\n","protected":false},"author":2,"featured_media":31147,"comment_status":"closed","ping_status":"open","sticky":false,"template":"","format":"standard","meta":{"_lmt_disableupdate":"","_lmt_disable":"","_jetpack_memberships_contains_paid_content":false,"footnotes":""},"categories":[109,46],"tags":[223],"class_list":["post-31146","post","type-post","status-publish","format-standard","has-post-thumbnail","hentry","category-minuto-a-minuto","category-zona-blanca","tag-poder-judicial-de-oaxaca"],"jetpack_featured_media_url":"https:\/\/zonaroja.com.mx\/wp-content\/uploads\/2021\/08\/FOTO-DE-ARCHIVO-Se-realizan-reuniones-periodicas-para-avances-de-la-Reforma-Laboral.jpg","jetpack_sharing_enabled":true,"_links":{"self":[{"href":"https:\/\/zonaroja.com.mx\/index.php?rest_route=\/wp\/v2\/posts\/31146","targetHints":{"allow":["GET"]}}],"collection":[{"href":"https:\/\/zonaroja.com.mx\/index.php?rest_route=\/wp\/v2\/posts"}],"about":[{"href":"https:\/\/zonaroja.com.mx\/index.php?rest_route=\/wp\/v2\/types\/post"}],"author":[{"embeddable":true,"href":"https:\/\/zonaroja.com.mx\/index.php?rest_route=\/wp\/v2\/users\/2"}],"replies":[{"embeddable":true,"href":"https:\/\/zonaroja.com.mx\/index.php?rest_route=%2Fwp%2Fv2%2Fcomments&post=31146"}],"version-history":[{"count":1,"href":"https:\/\/zonaroja.com.mx\/index.php?rest_route=\/wp\/v2\/posts\/31146\/revisions"}],"predecessor-version":[{"id":31148,"href":"https:\/\/zonaroja.com.mx\/index.php?rest_route=\/wp\/v2\/posts\/31146\/revisions\/31148"}],"wp:featuredmedia":[{"embeddable":true,"href":"https:\/\/zonaroja.com.mx\/index.php?rest_route=\/wp\/v2\/media\/31147"}],"wp:attachment":[{"href":"https:\/\/zonaroja.com.mx\/index.php?rest_route=%2Fwp%2Fv2%2Fmedia&parent=31146"}],"wp:term":[{"taxonomy":"category","embeddable":true,"href":"https:\/\/zonaroja.com.mx\/index.php?rest_route=%2Fwp%2Fv2%2Fcategories&post=31146"},{"taxonomy":"post_tag","embeddable":true,"href":"https:\/\/zonaroja.com.mx\/index.php?rest_route=%2Fwp%2Fv2%2Ftags&post=31146"}],"curies":[{"name":"wp","href":"https:\/\/api.w.org\/{rel}","templated":true}]}}