{"id":31159,"date":"2021-08-21T11:32:54","date_gmt":"2021-08-21T16:32:54","guid":{"rendered":"http:\/\/www.zonaroja.com.mx\/?p=31159"},"modified":"2021-08-21T11:32:58","modified_gmt":"2021-08-21T16:32:58","slug":"paran-laborales-policias-de-tlacolula-acusan-despidos-injustificados","status":"publish","type":"post","link":"https:\/\/zonaroja.com.mx\/?p=31159","title":{"rendered":"Paran laborales polic\u00edas de Tlacolula; acusan despidos injustificados"},"content":{"rendered":"\n<p>Evlin Arag\u00f3n\/Zona Roja.<\/p>\n\n\n\n<p>Oaxaca de Ju\u00e1rez, Oax., 21 de agosto de 2021.- Elementos de la polic\u00eda municipal de Tlacolula de Matamoros suspendieron sus labores a partir de este s\u00e1bado y de manera indefinida, debido a los despidos injustificados que se han registrado en las \u00faltimas horas, tras la entrega de su pliego petitorio el pasado 19 de agosto.<\/p>\n\n\n\n<p>As\u00ed lo refieren mediante un documento dirigido al edil Carlos Le\u00f3n Monterrubio, a quien le informan que luego de la reuni\u00f3n sostenida con el regidor de Seguridad P\u00fablica y Vialidad Municipal, Iv\u00e1n Rene Grijalva Mart\u00ednez, para darle a conocer las demandas del gremio, han sido v\u00edctimas de represalias por parte de la autoridad.&nbsp;<\/p>\n\n\n\n<p>\u201cEl d\u00eda de hoy mediante el radio comunicaci\u00f3n diferentes compa\u00f1eros fueron notificados para presentarse en la oficina de Recursos Humanos, donde fueron notificados de su baja de la Direcci\u00f3n de Seguridad P\u00fablica Municipal\u201d, explicaron los elementos.&nbsp;<\/p>\n\n\n\n<p>Detallaron que, en la reuni\u00f3n sostenida con el regidor, \u00e9ste se comprometi\u00f3 a concretar una reuni\u00f3n entre los elementos policiacos y edil, a fin de que expusieran sus demandas y pudieran canalizarse a las \u00e1reas correspondientes; sin embargo, lejos de concretarse iniciaron una serie de represalia y despidos en contra de quienes se manifestaron previamente.&nbsp;<\/p>\n\n\n\n<p>En este mismo sentido dieron a conocer que el oficio por medio del cual les dieron a conocer su bajo no es claro y tampoco refiere el motivo real por que le fueron despedidos, raz\u00f3n por la que en personal en conjunto determin\u00f3 suspender las actividades de guardia y seguridad.&nbsp;<\/p>\n\n\n\n<p>Lo anterior, a fin de concretar una reuni\u00f3n con el edil a quien buscan expresar de viva voz la situaci\u00f3n por la que est\u00e1n atravesando y obtener pronta y favorable respuesta a sus demandas.&nbsp;<\/p>\n\n\n\n<p>Finalmente, expusieron que cumpliendo con su labor de seguridad p\u00fablica y en respeto a los derechos de la poblaci\u00f3n de Tlacolula de Matamoros, notificaron a la Polic\u00eda Estatal y la Guardia Nacional para que sean estas quienes mantengan el cuidado y resguardo en la zona.&nbsp;<\/p>\n\n\n\n<p>Apenas en julio pasado, el edil Carlos Le\u00f3n Monterrubio, responsabiliz\u00f3 al gobierno federal y la Cuarta Transformaci\u00f3n por el aumento de la delincuencia en la localidad, pese a formar parte de las filas de Morena.&nbsp;<\/p>\n\n\n\n<p>Y es que el edil asegur\u00f3 que debido a los beneficios de los programas sociales que promueve el gobierno federal se ha incrementado la delincuencia en la localidad, toda vez que dota a las y los j\u00f3venes de dinero que utilizan para la compra de droga, a la par que cuestion\u00f3 el actuar de la Fiscal\u00eda de Oaxaca.&nbsp;<\/p>\n","protected":false},"excerpt":{"rendered":"<p>Evlin Arag\u00f3n\/Zona Roja. Oaxaca de Ju\u00e1rez, Oax., 21 de agosto de 2021.- Elementos de la&hellip;<\/p>\n","protected":false},"author":2,"featured_media":31160,"comment_status":"closed","ping_status":"open","sticky":false,"template":"","format":"standard","meta":{"_lmt_disableupdate":"","_lmt_disable":"","_jetpack_memberships_contains_paid_content":false,"footnotes":""},"categories":[109,47],"tags":[127],"class_list":["post-31159","post","type-post","status-publish","format-standard","has-post-thumbnail","hentry","category-minuto-a-minuto","category-zona-gris","tag-tlacolula-de-matamoros"],"jetpack_featured_media_url":"https:\/\/zonaroja.com.mx\/wp-content\/uploads\/2021\/08\/Policias-tlacolula.jpg","jetpack_sharing_enabled":true,"_links":{"self":[{"href":"https:\/\/zonaroja.com.mx\/index.php?rest_route=\/wp\/v2\/posts\/31159","targetHints":{"allow":["GET"]}}],"collection":[{"href":"https:\/\/zonaroja.com.mx\/index.php?rest_route=\/wp\/v2\/posts"}],"about":[{"href":"https:\/\/zonaroja.com.mx\/index.php?rest_route=\/wp\/v2\/types\/post"}],"author":[{"embeddable":true,"href":"https:\/\/zonaroja.com.mx\/index.php?rest_route=\/wp\/v2\/users\/2"}],"replies":[{"embeddable":true,"href":"https:\/\/zonaroja.com.mx\/index.php?rest_route=%2Fwp%2Fv2%2Fcomments&post=31159"}],"version-history":[{"count":1,"href":"https:\/\/zonaroja.com.mx\/index.php?rest_route=\/wp\/v2\/posts\/31159\/revisions"}],"predecessor-version":[{"id":31161,"href":"https:\/\/zonaroja.com.mx\/index.php?rest_route=\/wp\/v2\/posts\/31159\/revisions\/31161"}],"wp:featuredmedia":[{"embeddable":true,"href":"https:\/\/zonaroja.com.mx\/index.php?rest_route=\/wp\/v2\/media\/31160"}],"wp:attachment":[{"href":"https:\/\/zonaroja.com.mx\/index.php?rest_route=%2Fwp%2Fv2%2Fmedia&parent=31159"}],"wp:term":[{"taxonomy":"category","embeddable":true,"href":"https:\/\/zonaroja.com.mx\/index.php?rest_route=%2Fwp%2Fv2%2Fcategories&post=31159"},{"taxonomy":"post_tag","embeddable":true,"href":"https:\/\/zonaroja.com.mx\/index.php?rest_route=%2Fwp%2Fv2%2Ftags&post=31159"}],"curies":[{"name":"wp","href":"https:\/\/api.w.org\/{rel}","templated":true}]}}