{"id":3116,"date":"2019-08-15T16:35:01","date_gmt":"2019-08-15T21:35:01","guid":{"rendered":"http:\/\/www.zonaroja.com.mx\/?p=3116"},"modified":"2019-08-15T16:35:03","modified_gmt":"2019-08-15T21:35:03","slug":"investiga-fiscalia-anticorrupcion-a-magistrado-de-tribunal-de-justicia-administrativa","status":"publish","type":"post","link":"https:\/\/zonaroja.com.mx\/?p=3116","title":{"rendered":"Investiga Fiscal\u00eda Anticorrupci\u00f3n a magistrado de Tribunal de Justicia Administrativa"},"content":{"rendered":"\n<p>Redacci\u00f3n\/Zona\nRoja.<\/p>\n\n\n\n<p>Oaxaca de\nJu\u00e1rez, Oax., 15 de agosto de 2019.- Por probable ejercicio indebido y extralimitaci\u00f3n\nen sus funciones, la Fiscal\u00eda Especializada en Materia de Combate a la\nCorrupci\u00f3n de Oaxaca investiga al magistrado del Tribunal de Justicia\nAdministrativa, Adri\u00e1n Quiroga Avenda\u00f1o.<\/p>\n\n\n\n<p>El mismo fue\ndestituido del cargo de presidente este jueves de su cargo y en su lugar fue\ndesignada como encargada de despacho la magistrada Mar\u00eda Elena Villa de\nJarqu\u00edn.<\/p>\n\n\n\n<p>De acuerdo con el oficio girado por el agente del Ministerio P\u00fablico de la Fiscal\u00eda Anticorrupci\u00f3n, Rogelio Matadamas V\u00e1squez, se tiene abierta una carpeta de investigaci\u00f3n 474(FEMCCO)2019, por intentar maniobrar para mantener en el cargo a Hugo Villegas Aquino a pesar de haber fenecido su periodo.<\/p>\n\n\n\n<figure class=\"wp-block-image\"><img decoding=\"async\" width=\"720\" height=\"960\" src=\"http:\/\/www.zonaroja.com.mx\/wp-content\/uploads\/2019\/08\/IMG_8878.jpg\" alt=\"\" class=\"wp-image-3117\" srcset=\"https:\/\/zonaroja.com.mx\/wp-content\/uploads\/2019\/08\/IMG_8878.jpg 720w, https:\/\/zonaroja.com.mx\/wp-content\/uploads\/2019\/08\/IMG_8878-225x300.jpg 225w, https:\/\/zonaroja.com.mx\/wp-content\/uploads\/2019\/08\/IMG_8878-585x780.jpg 585w\" sizes=\"(max-width: 720px) 100vw, 720px\" \/><\/figure>\n\n\n\n<p>Lo anterior\nbasado en un oficio con n\u00famero TJAO\/36\/2019 del 10 de julio pasado, relacionado\ncon el Cuaderno de Antecedentes 14\/2019, que lleg\u00f3 al Poder Legislativo.<\/p>\n\n\n\n<p>El\nmagistrado Adri\u00e1n Quiroga \u201cha operado en su favor la reelecci\u00f3n\/ratificaci\u00f3n\nt\u00e1cita\u201d de Hugo Villegas en el Tribunal de Justicia Administrativa y ha impedido\nla aprobaci\u00f3n o ratificaci\u00f3n de la propuesta del titular del Poder Ejecutivo, a\nfin de que se quede en el cargo el magistrado Villegas Aquino, cuyo periodo ya\nfeneci\u00f3.<\/p>\n\n\n\n<p>Ante ello, en sesi\u00f3n extraordinaria, el pleno del Tribunal determin\u00f3 la sustituci\u00f3n de Villegas Aquino.<\/p>\n\n\n\n<figure class=\"wp-block-image\"><img decoding=\"async\" width=\"720\" height=\"960\" src=\"http:\/\/www.zonaroja.com.mx\/wp-content\/uploads\/2019\/08\/IMG_8879.jpg\" alt=\"\" class=\"wp-image-3118\" srcset=\"https:\/\/zonaroja.com.mx\/wp-content\/uploads\/2019\/08\/IMG_8879.jpg 720w, https:\/\/zonaroja.com.mx\/wp-content\/uploads\/2019\/08\/IMG_8879-225x300.jpg 225w, https:\/\/zonaroja.com.mx\/wp-content\/uploads\/2019\/08\/IMG_8879-585x780.jpg 585w\" sizes=\"(max-width: 720px) 100vw, 720px\" \/><\/figure>\n","protected":false},"excerpt":{"rendered":"<p>Redacci\u00f3n\/Zona Roja. Oaxaca de Ju\u00e1rez, Oax., 15 de agosto de 2019.- Por probable ejercicio indebido&hellip;<\/p>\n","protected":false},"author":2,"featured_media":3119,"comment_status":"closed","ping_status":"open","sticky":false,"template":"","format":"standard","meta":{"_lmt_disableupdate":"","_lmt_disable":"","_jetpack_memberships_contains_paid_content":false,"footnotes":""},"categories":[109,47],"tags":[560,512],"class_list":["post-3116","post","type-post","status-publish","format-standard","has-post-thumbnail","hentry","category-minuto-a-minuto","category-zona-gris","tag-adrian-quiroga-avendano","tag-magistrado-tribunal-de-justicia-administrativa"],"jetpack_featured_media_url":"https:\/\/zonaroja.com.mx\/wp-content\/uploads\/2019\/08\/Tribunal-de-Justicia-Administrativa.jpg","jetpack_sharing_enabled":true,"_links":{"self":[{"href":"https:\/\/zonaroja.com.mx\/index.php?rest_route=\/wp\/v2\/posts\/3116","targetHints":{"allow":["GET"]}}],"collection":[{"href":"https:\/\/zonaroja.com.mx\/index.php?rest_route=\/wp\/v2\/posts"}],"about":[{"href":"https:\/\/zonaroja.com.mx\/index.php?rest_route=\/wp\/v2\/types\/post"}],"author":[{"embeddable":true,"href":"https:\/\/zonaroja.com.mx\/index.php?rest_route=\/wp\/v2\/users\/2"}],"replies":[{"embeddable":true,"href":"https:\/\/zonaroja.com.mx\/index.php?rest_route=%2Fwp%2Fv2%2Fcomments&post=3116"}],"version-history":[{"count":1,"href":"https:\/\/zonaroja.com.mx\/index.php?rest_route=\/wp\/v2\/posts\/3116\/revisions"}],"predecessor-version":[{"id":3120,"href":"https:\/\/zonaroja.com.mx\/index.php?rest_route=\/wp\/v2\/posts\/3116\/revisions\/3120"}],"wp:featuredmedia":[{"embeddable":true,"href":"https:\/\/zonaroja.com.mx\/index.php?rest_route=\/wp\/v2\/media\/3119"}],"wp:attachment":[{"href":"https:\/\/zonaroja.com.mx\/index.php?rest_route=%2Fwp%2Fv2%2Fmedia&parent=3116"}],"wp:term":[{"taxonomy":"category","embeddable":true,"href":"https:\/\/zonaroja.com.mx\/index.php?rest_route=%2Fwp%2Fv2%2Fcategories&post=3116"},{"taxonomy":"post_tag","embeddable":true,"href":"https:\/\/zonaroja.com.mx\/index.php?rest_route=%2Fwp%2Fv2%2Ftags&post=3116"}],"curies":[{"name":"wp","href":"https:\/\/api.w.org\/{rel}","templated":true}]}}