{"id":31162,"date":"2021-08-21T13:23:18","date_gmt":"2021-08-21T18:23:18","guid":{"rendered":"http:\/\/www.zonaroja.com.mx\/?p=31162"},"modified":"2021-08-21T13:23:21","modified_gmt":"2021-08-21T18:23:21","slug":"tras-denuncias-fiscalia-de-oaxaca-rescata-a-tres-menores-por-presunto-maltrato","status":"publish","type":"post","link":"https:\/\/zonaroja.com.mx\/?p=31162","title":{"rendered":"Tras denuncias, Fiscal\u00eda de Oaxaca rescata a tres menores por presunto maltrato"},"content":{"rendered":"\n<p>Redacci\u00f3n\/Estado 20.<\/p>\n\n\n\n<p>Oaxaca de Ju\u00e1rez, Oax., 21 de agosto de 2021.- \u00a1Ya d\u00e9jame, ya, ya, d\u00e9jame ya!\u201d, son los gritos de auxilio de un menor edad, quien junto con sus hermanas, es v\u00edctima de maltrato infantil en un fraccionamiento de Santa Cruz Amilpas.<\/p>\n\n\n\n<p>Es la denuncia de los vecinos que han informado del caso a la autoridad municipal y al DIF Estatal, y aseguran que hasta el momento no han intervenido para ponerlos a salvo.<\/p>\n\n\n\n<p>A trav\u00e9s de fotograf\u00edas, videos tomados con tel\u00e9fonos celulares y un audio donde en este se escucha el grito de auxilio de un menor, los vecinos de esa demarcaci\u00f3n, en la zona metropolitana de la ciudad de Oaxaca, denunciaron maltrato f\u00edsico cometido en contra de tres ni\u00f1os de entre cinco y 10 a\u00f1os de edad presuntamente por una mujer, identificada como la abuela de \u00e9stos.<\/p>\n\n\n\n<p>Los ciudadanos afirmaron que antes de hacerlo p\u00fablico, el caso fue dado a conocer tantos a las autoridades municipales como al DIF Estatal Oaxaca; sin embargo, ambas instancias no han hecho nada para salvaguardar la integridad de los menores.<\/p>\n\n\n\n<p>INTERVIENEN AUTORIDADES<\/p>\n\n\n\n<p>Derivado de la denuncia ciudadana hecha a trav\u00e9s de un video publicado en redes sociales, en el que se observa la probablemente comisi\u00f3n del delito de violencia familiar, la Fiscal\u00eda General del Estado de Oaxaca (FGEO) intervino para rescatar y resguardar a tres menores de edad, cuya identidad es reservada por ley, hechos acontecidos en el municipio de Santa Cruz Amilpas, regi\u00f3n de Valles Centrales.<\/p>\n\n\n\n<p>En un video, la instituci\u00f3n inform\u00f3 que en un video publicado en redes sociales se escucha el llanto de unos ni\u00f1os que supuestamente son v\u00edctimas de maltrato f\u00edsico y abuso psicol\u00f3gico dentro de su casa, situaci\u00f3n percibida y captada por los vecinos de la vivienda quienes registraron la situaci\u00f3n y la hicieron p\u00fablica.<\/p>\n\n\n\n<p>Lo cual propici\u00f3 una serie de llamadas de auxilio para proteger la integridad de las probables v\u00edctimas.<\/p>\n\n\n\n<p>Ante este panorama, ayer 20 de agosto de 2021, aproximadamente a las 23:40 horas, elementos de la Agencia Estatal de Investigaciones, con el respaldo de la Fiscal\u00eda Especializada en Atenci\u00f3n a Delitos contra la Mujer por Raz\u00f3n de G\u00e9nero, acudieron a un domicilio ubicado en inmediaciones del municipio de Santa Cruz Amilpas, en donde rescataron y resguardaron a las v\u00edctimas.<\/p>\n\n\n\n<p>\u201cEs importante se\u00f1alar, que son dos ni\u00f1as, una de seis y otra de siete a\u00f1os y un ni\u00f1o de 11 a\u00f1os de edad, todo ellos son hermanos, quienes fueron trasladados -en compa\u00f1\u00eda de dos adultos- y presentados ante el ministerio p\u00fablico, quien determinar\u00e1 lo procedente en las pr\u00f3ximas horas\u201d, expuso la Fiscal\u00eda.<\/p>\n","protected":false},"excerpt":{"rendered":"<p>Redacci\u00f3n\/Estado 20. Oaxaca de Ju\u00e1rez, Oax., 21 de agosto de 2021.- \u00a1Ya d\u00e9jame, ya, ya,&hellip;<\/p>\n","protected":false},"author":2,"featured_media":31163,"comment_status":"closed","ping_status":"open","sticky":false,"template":"","format":"standard","meta":{"_lmt_disableupdate":"","_lmt_disable":"","_jetpack_memberships_contains_paid_content":false,"footnotes":""},"categories":[109,47],"tags":[2046],"class_list":["post-31162","post","type-post","status-publish","format-standard","has-post-thumbnail","hentry","category-minuto-a-minuto","category-zona-gris","tag-santa-cruz-amilpas"],"jetpack_featured_media_url":"https:\/\/zonaroja.com.mx\/wp-content\/uploads\/2021\/08\/Violencia-maltrato-infantil.jpg","jetpack_sharing_enabled":true,"_links":{"self":[{"href":"https:\/\/zonaroja.com.mx\/index.php?rest_route=\/wp\/v2\/posts\/31162","targetHints":{"allow":["GET"]}}],"collection":[{"href":"https:\/\/zonaroja.com.mx\/index.php?rest_route=\/wp\/v2\/posts"}],"about":[{"href":"https:\/\/zonaroja.com.mx\/index.php?rest_route=\/wp\/v2\/types\/post"}],"author":[{"embeddable":true,"href":"https:\/\/zonaroja.com.mx\/index.php?rest_route=\/wp\/v2\/users\/2"}],"replies":[{"embeddable":true,"href":"https:\/\/zonaroja.com.mx\/index.php?rest_route=%2Fwp%2Fv2%2Fcomments&post=31162"}],"version-history":[{"count":1,"href":"https:\/\/zonaroja.com.mx\/index.php?rest_route=\/wp\/v2\/posts\/31162\/revisions"}],"predecessor-version":[{"id":31164,"href":"https:\/\/zonaroja.com.mx\/index.php?rest_route=\/wp\/v2\/posts\/31162\/revisions\/31164"}],"wp:featuredmedia":[{"embeddable":true,"href":"https:\/\/zonaroja.com.mx\/index.php?rest_route=\/wp\/v2\/media\/31163"}],"wp:attachment":[{"href":"https:\/\/zonaroja.com.mx\/index.php?rest_route=%2Fwp%2Fv2%2Fmedia&parent=31162"}],"wp:term":[{"taxonomy":"category","embeddable":true,"href":"https:\/\/zonaroja.com.mx\/index.php?rest_route=%2Fwp%2Fv2%2Fcategories&post=31162"},{"taxonomy":"post_tag","embeddable":true,"href":"https:\/\/zonaroja.com.mx\/index.php?rest_route=%2Fwp%2Fv2%2Ftags&post=31162"}],"curies":[{"name":"wp","href":"https:\/\/api.w.org\/{rel}","templated":true}]}}