{"id":31168,"date":"2021-08-21T19:46:10","date_gmt":"2021-08-22T00:46:10","guid":{"rendered":"http:\/\/www.zonaroja.com.mx\/?p=31168"},"modified":"2021-08-21T19:46:14","modified_gmt":"2021-08-22T00:46:14","slug":"acusan-a-diputada-de-oaxaca-por-imponer-a-colaboradora","status":"publish","type":"post","link":"https:\/\/zonaroja.com.mx\/?p=31168","title":{"rendered":"Acusan a diputada de Oaxaca por imponer a colaboradora"},"content":{"rendered":"\n<p>Redacci\u00f3n\/Zona Roja.<\/p>\n\n\n\n<p>Oaxaca de Ju\u00e1rez, Oax., 21 de agosto de 2021.- La presidenta de la Comisi\u00f3n Permanente de Administraci\u00f3n y Procuraci\u00f3n de Justicia de la 64 Legislatura del Congreso de Oaxaca, Elisa Zepeda Lagunas, fue acusada de ocupar el cargo legislativo para imponer a una de sus colaboradoras como magistrada.<\/p>\n\n\n\n<p>Se trata de &nbsp;Camelia Gaspar Mart\u00ednez, quien funge como su secretaria t\u00e9cnica en la comisi\u00f3n referida y a quien impulsa como integrante del Consejo de la Judicatura del Poder Judicial de Oaxaca por un periodo de cinco a\u00f1os y que comprende del 1 de septiembre de 2021 al 31 de agosto de 2026.<\/p>\n\n\n\n<p>Adem\u00e1s, los legisladores de Morena que forman parte de la Comisi\u00f3n de Administraci\u00f3n y Procuraci\u00f3n de Justicia, promueven la ratificaci\u00f3n de cuatro magistrados, no obstante que por ley ya deben ser reemplazados al cumplir su periodo legal.<\/p>\n\n\n\n<p>De acuerdo con los dict\u00e1menes, se propone ratificar como magistrados del Tribunal Superior de Justicia a Luis Enrique Cordero Aguilar, Ana Mireya Santos, Ren\u00e9 Hern\u00e1ndez Reyes y Tito Ram\u00edrez Gonz\u00e1lez.<\/p>\n\n\n\n<p>El nombramiento de estos magistrados concluy\u00f3 el pasado 11 de enero de 2019, al igual que el de los magistrados Luis Enrique Cordero Aguilar y Camerino Patricio, tras cumplir ocho a\u00f1os con este cargo.<\/p>\n\n\n\n<p>A ellos, tras vencer su periodo \u2013 el cual hab\u00eda concluido en 2016 originalmente, pero se ampli\u00f3 tres a\u00f1os m\u00e1s tras una reforma al Poder Judicial del Estado\u2013 se les neg\u00f3 integrar el pleno del TSJE y se les adscribi\u00f3 a una sala auxiliar.<\/p>\n\n\n\n<p>Estos cuatro servidores p\u00fablicos del Poder Judicial de Oaxaca est\u00e1n identificados al grupo pol\u00edtico del expresidente del Tribunal Superio, Alfredo Lagunas Rivera, quien entonces se opuso a que se les negara integrar el pleno.<\/p>\n\n\n\n<p>En sesi\u00f3n del pleno del Tribunal Superior de Justicia del Estado, se aprob\u00f3 el proceso de jubilaci\u00f3n de dos magistrados afines al extitular, Alfredo Lagunas Rivera, de seis que ya concluyeron sus cargos, cuatro a\u00fan se resisten a dejarlos.<\/p>\n\n\n\n<p>Los magistrados iniciaron su cargo desde el sexenio de Gabino Cu\u00e9 Monteagudo como cuota de Lagunas Rivera, quien pretende seguir en la pr\u00f3xima administraci\u00f3n, de acuerdo a una denuncia de integrantes de este Poder inconformes con la ratificaci\u00f3n.<\/p>\n\n\n\n<p>Tambi\u00e9n se\u00f1alaron al diputado de Morena, Ericel G\u00f3mez Nucamendi, de presuntamente pactar con Zepeda Lagunas para ratificar a los cuatros magistrados.<\/p>\n","protected":false},"excerpt":{"rendered":"<p>Redacci\u00f3n\/Zona Roja. Oaxaca de Ju\u00e1rez, Oax., 21 de agosto de 2021.- La presidenta de la&hellip;<\/p>\n","protected":false},"author":2,"featured_media":19922,"comment_status":"closed","ping_status":"open","sticky":false,"template":"","format":"standard","meta":{"_lmt_disableupdate":"","_lmt_disable":"","_jetpack_memberships_contains_paid_content":false,"footnotes":""},"categories":[109,47],"tags":[215],"class_list":["post-31168","post","type-post","status-publish","format-standard","has-post-thumbnail","hentry","category-minuto-a-minuto","category-zona-gris","tag-elisa-zepeda-lagunas"],"jetpack_featured_media_url":"https:\/\/zonaroja.com.mx\/wp-content\/uploads\/2020\/11\/Elisa-Zepeda-L.jpg","jetpack_sharing_enabled":true,"_links":{"self":[{"href":"https:\/\/zonaroja.com.mx\/index.php?rest_route=\/wp\/v2\/posts\/31168","targetHints":{"allow":["GET"]}}],"collection":[{"href":"https:\/\/zonaroja.com.mx\/index.php?rest_route=\/wp\/v2\/posts"}],"about":[{"href":"https:\/\/zonaroja.com.mx\/index.php?rest_route=\/wp\/v2\/types\/post"}],"author":[{"embeddable":true,"href":"https:\/\/zonaroja.com.mx\/index.php?rest_route=\/wp\/v2\/users\/2"}],"replies":[{"embeddable":true,"href":"https:\/\/zonaroja.com.mx\/index.php?rest_route=%2Fwp%2Fv2%2Fcomments&post=31168"}],"version-history":[{"count":1,"href":"https:\/\/zonaroja.com.mx\/index.php?rest_route=\/wp\/v2\/posts\/31168\/revisions"}],"predecessor-version":[{"id":31169,"href":"https:\/\/zonaroja.com.mx\/index.php?rest_route=\/wp\/v2\/posts\/31168\/revisions\/31169"}],"wp:featuredmedia":[{"embeddable":true,"href":"https:\/\/zonaroja.com.mx\/index.php?rest_route=\/wp\/v2\/media\/19922"}],"wp:attachment":[{"href":"https:\/\/zonaroja.com.mx\/index.php?rest_route=%2Fwp%2Fv2%2Fmedia&parent=31168"}],"wp:term":[{"taxonomy":"category","embeddable":true,"href":"https:\/\/zonaroja.com.mx\/index.php?rest_route=%2Fwp%2Fv2%2Fcategories&post=31168"},{"taxonomy":"post_tag","embeddable":true,"href":"https:\/\/zonaroja.com.mx\/index.php?rest_route=%2Fwp%2Fv2%2Ftags&post=31168"}],"curies":[{"name":"wp","href":"https:\/\/api.w.org\/{rel}","templated":true}]}}