{"id":31170,"date":"2021-08-21T21:20:12","date_gmt":"2021-08-22T02:20:12","guid":{"rendered":"http:\/\/www.zonaroja.com.mx\/?p=31170"},"modified":"2021-08-21T21:20:15","modified_gmt":"2021-08-22T02:20:15","slug":"huracan-grace-deja-a-su-paso-nueve-muertos-y-cuantiosos-danos","status":"publish","type":"post","link":"https:\/\/zonaroja.com.mx\/?p=31170","title":{"rendered":"Hurac\u00e1n \u201cGrace\u201d deja a su paso nueve muertos y cuantiosos da\u00f1os"},"content":{"rendered":"\n<p>Redacci\u00f3n\/Zona Roja.<\/p>\n\n\n\n<p>Oaxaca de Ju\u00e1rez, Oax., 21 de agosto de 2021.- A su paso por el Golfo y centro de M\u00e9xico, el hurac\u00e1n \u201cGrace\u201d ha dejado al menos nueve personas fallecidas y cuantiosos da\u00f1os materiales.<\/p>\n\n\n\n<p>El fen\u00f3meno hidrometeorol\u00f3gico toc\u00f3 tierra alrededor de las 00:30 horas de este s\u00e1bado en Tecolutla, Veracruz, en categor\u00eda 3 de la escala Saffir Simpson y a las 03:00 horas se degrad\u00f3 a categor\u00eda 2; horas m\u00e1s tarde fue perdiendo fuerza al ir ingresando al centro del pa\u00eds.<\/p>\n\n\n\n<p>Las torrenciales lluvias provocadas, dejaron severas inundaciones en la ciudad de Xalapa, capital del estado de Veracruz, donde calles, avenidas, colonias y hasta plazas comerciales quedaron bajo el agua.<\/p>\n\n\n\n<p>Deslizamientos de tierra ocurrieron en Xalapa, que sepultaron viviendas al pie de zonas monta\u00f1osas, provocaron la muerte de siete personas, adem\u00e1s de otras tres desaparecidas.<\/p>\n\n\n\n<p>Otra persona perdi\u00f3 la vida en el municipio de Poza Rica y una m\u00e1s falleci\u00f3 en el estado de Puebla.<\/p>\n\n\n\n<p>Un alud de tierra sepult\u00f3 una vivienda y murieron seis integrantes de una familia, entre ellos cinco menores, mientras que otro deslizamiento provoc\u00f3 la muerte de una ni\u00f1a de siete a\u00f1os.<\/p>\n\n\n\n<p>Grace tambi\u00e9n gener\u00f3 fuertes lluvias en la sierra norte del estado de Puebla. En el municipio de Huauchinango, un hombre de 42 a\u00f1os falleci\u00f3 debido a la ca\u00edda de un \u00e1rbol.<\/p>\n\n\n\n<p>Hasta la tarde-noche de hoy, \u201cGrace\u201d se ubicaba sobre el Estado de M\u00e9xico pero ya sin fuerza; el Servicio Meteorol\u00f3gico Nacional prev\u00e9 que retorne al oc\u00e9ano.<\/p>\n","protected":false},"excerpt":{"rendered":"<p>Redacci\u00f3n\/Zona Roja. Oaxaca de Ju\u00e1rez, Oax., 21 de agosto de 2021.- A su paso por&hellip;<\/p>\n","protected":false},"author":2,"featured_media":31171,"comment_status":"closed","ping_status":"open","sticky":false,"template":"","format":"standard","meta":{"_lmt_disableupdate":"","_lmt_disable":"","_jetpack_memberships_contains_paid_content":false,"footnotes":""},"categories":[109,47],"tags":[],"class_list":["post-31170","post","type-post","status-publish","format-standard","has-post-thumbnail","hentry","category-minuto-a-minuto","category-zona-gris"],"jetpack_featured_media_url":"https:\/\/zonaroja.com.mx\/wp-content\/uploads\/2021\/08\/Veracruz-huracan-Grace.jpg","jetpack_sharing_enabled":true,"_links":{"self":[{"href":"https:\/\/zonaroja.com.mx\/index.php?rest_route=\/wp\/v2\/posts\/31170","targetHints":{"allow":["GET"]}}],"collection":[{"href":"https:\/\/zonaroja.com.mx\/index.php?rest_route=\/wp\/v2\/posts"}],"about":[{"href":"https:\/\/zonaroja.com.mx\/index.php?rest_route=\/wp\/v2\/types\/post"}],"author":[{"embeddable":true,"href":"https:\/\/zonaroja.com.mx\/index.php?rest_route=\/wp\/v2\/users\/2"}],"replies":[{"embeddable":true,"href":"https:\/\/zonaroja.com.mx\/index.php?rest_route=%2Fwp%2Fv2%2Fcomments&post=31170"}],"version-history":[{"count":1,"href":"https:\/\/zonaroja.com.mx\/index.php?rest_route=\/wp\/v2\/posts\/31170\/revisions"}],"predecessor-version":[{"id":31172,"href":"https:\/\/zonaroja.com.mx\/index.php?rest_route=\/wp\/v2\/posts\/31170\/revisions\/31172"}],"wp:featuredmedia":[{"embeddable":true,"href":"https:\/\/zonaroja.com.mx\/index.php?rest_route=\/wp\/v2\/media\/31171"}],"wp:attachment":[{"href":"https:\/\/zonaroja.com.mx\/index.php?rest_route=%2Fwp%2Fv2%2Fmedia&parent=31170"}],"wp:term":[{"taxonomy":"category","embeddable":true,"href":"https:\/\/zonaroja.com.mx\/index.php?rest_route=%2Fwp%2Fv2%2Fcategories&post=31170"},{"taxonomy":"post_tag","embeddable":true,"href":"https:\/\/zonaroja.com.mx\/index.php?rest_route=%2Fwp%2Fv2%2Ftags&post=31170"}],"curies":[{"name":"wp","href":"https:\/\/api.w.org\/{rel}","templated":true}]}}