{"id":31180,"date":"2021-08-22T07:43:57","date_gmt":"2021-08-22T12:43:57","guid":{"rendered":"http:\/\/www.zonaroja.com.mx\/?p=31180"},"modified":"2021-08-22T07:44:01","modified_gmt":"2021-08-22T12:44:01","slug":"el-decapitado-en-la-mixteca-era-de-huajuapan-y-estudiaba-en-puebla","status":"publish","type":"post","link":"https:\/\/zonaroja.com.mx\/?p=31180","title":{"rendered":"El decapitado en la Mixteca era de Huajuapan y estudiaba en Puebla"},"content":{"rendered":"\n<p>Redacci\u00f3n\/Zona Roja.<\/p>\n\n\n\n<p>Oaxaca de Ju\u00e1rez, Oax., 22 de agosto de 2021.- Como Jos\u00e9 Antonio R. V., de 23 a\u00f1os de edad y originario de Huajuapan de Le\u00f3n, fue identificado el estudiante que fue decapitado el pasado viernes en la regi\u00f3n Mixteca de Oaxaca.<\/p>\n\n\n\n<p>El cuerpo en bolsas de pl\u00e1stico y su cabeza tirada metros adelante, fue localizado el pasado 20 de agosto en la carretera federal Huajuapan-Acatl\u00e1n de Osorio, Puebla, en inmediaciones del paraje \u201cLas Antenas\u201d, jurisdicci\u00f3n del municipio de Zapotitl\u00e1n Palmas.<\/p>\n\n\n\n<p>Jos\u00e9 Antonio ten\u00eda su domicilio en la calle Campillo de Huajuapan y estudiaba en una universidad del estado de Puebla; hasta ahora se desconocen los motivos de la ejecuci\u00f3n.<\/p>\n\n\n\n<p>Tras el reconocimiento de los familiares, la v\u00edctima fue sepultada ayer en el pante\u00f3n de la colonia Del Maestro de Huajuapan.<\/p>\n\n\n\n<p>La Vicefiscal\u00eda Regional de la Mixteca a\u00fan no tiene ninguna pista del o los probables autores del asesinato.<\/p>\n","protected":false},"excerpt":{"rendered":"<p>Redacci\u00f3n\/Zona Roja. Oaxaca de Ju\u00e1rez, Oax., 22 de agosto de 2021.- Como Jos\u00e9 Antonio R.&hellip;<\/p>\n","protected":false},"author":2,"featured_media":31181,"comment_status":"closed","ping_status":"open","sticky":false,"template":"","format":"standard","meta":{"_lmt_disableupdate":"","_lmt_disable":"","_jetpack_memberships_contains_paid_content":false,"footnotes":""},"categories":[109,51],"tags":[594],"class_list":["post-31180","post","type-post","status-publish","format-standard","has-post-thumbnail","hentry","category-minuto-a-minuto","category-zona-roja","tag-huajuapan-de-leon"],"jetpack_featured_media_url":"https:\/\/zonaroja.com.mx\/wp-content\/uploads\/2021\/08\/Decapitado-Huajuapan.jpg","jetpack_sharing_enabled":true,"_links":{"self":[{"href":"https:\/\/zonaroja.com.mx\/index.php?rest_route=\/wp\/v2\/posts\/31180","targetHints":{"allow":["GET"]}}],"collection":[{"href":"https:\/\/zonaroja.com.mx\/index.php?rest_route=\/wp\/v2\/posts"}],"about":[{"href":"https:\/\/zonaroja.com.mx\/index.php?rest_route=\/wp\/v2\/types\/post"}],"author":[{"embeddable":true,"href":"https:\/\/zonaroja.com.mx\/index.php?rest_route=\/wp\/v2\/users\/2"}],"replies":[{"embeddable":true,"href":"https:\/\/zonaroja.com.mx\/index.php?rest_route=%2Fwp%2Fv2%2Fcomments&post=31180"}],"version-history":[{"count":1,"href":"https:\/\/zonaroja.com.mx\/index.php?rest_route=\/wp\/v2\/posts\/31180\/revisions"}],"predecessor-version":[{"id":31182,"href":"https:\/\/zonaroja.com.mx\/index.php?rest_route=\/wp\/v2\/posts\/31180\/revisions\/31182"}],"wp:featuredmedia":[{"embeddable":true,"href":"https:\/\/zonaroja.com.mx\/index.php?rest_route=\/wp\/v2\/media\/31181"}],"wp:attachment":[{"href":"https:\/\/zonaroja.com.mx\/index.php?rest_route=%2Fwp%2Fv2%2Fmedia&parent=31180"}],"wp:term":[{"taxonomy":"category","embeddable":true,"href":"https:\/\/zonaroja.com.mx\/index.php?rest_route=%2Fwp%2Fv2%2Fcategories&post=31180"},{"taxonomy":"post_tag","embeddable":true,"href":"https:\/\/zonaroja.com.mx\/index.php?rest_route=%2Fwp%2Fv2%2Ftags&post=31180"}],"curies":[{"name":"wp","href":"https:\/\/api.w.org\/{rel}","templated":true}]}}