{"id":31189,"date":"2021-08-22T12:54:53","date_gmt":"2021-08-22T17:54:53","guid":{"rendered":"http:\/\/www.zonaroja.com.mx\/?p=31189"},"modified":"2021-08-22T12:54:55","modified_gmt":"2021-08-22T17:54:55","slug":"hasta-lo-mas-recondito-de-la-sierra-de-oaxaca-llega-el-covid-urgen-ayuda","status":"publish","type":"post","link":"https:\/\/zonaroja.com.mx\/?p=31189","title":{"rendered":"Hasta lo m\u00e1s rec\u00f3ndito de la Sierra de Oaxaca llega el Covid; urgen ayuda"},"content":{"rendered":"\n<p>Redacci\u00f3n\/Zona Roja.<\/p>\n\n\n\n<p>Oaxaca de Ju\u00e1rez, Oax., 22 de agosto de 2021.- Habitantes de San Francisco Yatee, agencia municipal de Villa Alta, Oaxaca, pidieron el apoyo del Presidente de M\u00e9xico, Andr\u00e9s Manuel L\u00f3pez Obrador, para hacer frente al Covid-19.<\/p>\n\n\n\n<p>Sin precisar n\u00fameros, a trav\u00e9s de un oficio dirigido a autoridades estatales y federales, como legisladores, expusieron que enfrentan un brote del virus que afecta a varias familias.<\/p>\n\n\n\n<p>\u201cEstamos pasando por una situaci\u00f3n sumamente delicada\u2026 suplicamos ayuda urgente con insumos como medicamentos, tanques de ox\u00edgeno y desinfecci\u00f3n, as\u00ed como v\u00edveres para la comunidad que en este mismo momento se encuentra confinada\u201d.<\/p>\n\n\n\n<p>As\u00ed lo detallaron en un oficio dirigido al mandatario L\u00f3pez Obrador, as\u00ed como al Gobernador del Estado, a la C\u00e1mara de Diputados local y a los Servicios de Salud de Oaxaca, firmado por el agente municipal Alejandro Nicol\u00e1s Miguel.<\/p>\n\n\n\n<p>Una misiva similar enviaron desde el 16 de agosto al titular de la Jurisdicci\u00f3n Sanitaria 06, Sierra, Andr\u00e9s F\u00e9lix Santiago Ni\u00f1o, a quien le \u201csuplican humildemente\u201d que dote de materiales para combatir el virus, pues \u201chay sospecha de brotes de Covid-19 o Delta, y como nos falta orientaci\u00f3n para el manejo de lo mismo, esperamos la asesor\u00eda para la buena respuesta de usted\u201d.<\/p>\n\n\n\n<p>Hasta el momento, se desconoce si los Servicios de Salud ya atendieron la petici\u00f3n de los pobladores de dicha comunidad perteneciente a la regi\u00f3n Sierra Norte.<\/p>\n","protected":false},"excerpt":{"rendered":"<p>Redacci\u00f3n\/Zona Roja. Oaxaca de Ju\u00e1rez, Oax., 22 de agosto de 2021.- Habitantes de San Francisco&hellip;<\/p>\n","protected":false},"author":2,"featured_media":31190,"comment_status":"closed","ping_status":"open","sticky":false,"template":"","format":"standard","meta":{"_lmt_disableupdate":"","_lmt_disable":"","_jetpack_memberships_contains_paid_content":false,"footnotes":""},"categories":[109,47],"tags":[1512,2430],"class_list":["post-31189","post","type-post","status-publish","format-standard","has-post-thumbnail","hentry","category-minuto-a-minuto","category-zona-gris","tag-coronavirus-oaxaca","tag-san-francisco-yatee"],"jetpack_featured_media_url":"https:\/\/zonaroja.com.mx\/wp-content\/uploads\/2021\/08\/San-Francisco-Yatee-Villa-Alta.jpg","jetpack_sharing_enabled":true,"_links":{"self":[{"href":"https:\/\/zonaroja.com.mx\/index.php?rest_route=\/wp\/v2\/posts\/31189","targetHints":{"allow":["GET"]}}],"collection":[{"href":"https:\/\/zonaroja.com.mx\/index.php?rest_route=\/wp\/v2\/posts"}],"about":[{"href":"https:\/\/zonaroja.com.mx\/index.php?rest_route=\/wp\/v2\/types\/post"}],"author":[{"embeddable":true,"href":"https:\/\/zonaroja.com.mx\/index.php?rest_route=\/wp\/v2\/users\/2"}],"replies":[{"embeddable":true,"href":"https:\/\/zonaroja.com.mx\/index.php?rest_route=%2Fwp%2Fv2%2Fcomments&post=31189"}],"version-history":[{"count":1,"href":"https:\/\/zonaroja.com.mx\/index.php?rest_route=\/wp\/v2\/posts\/31189\/revisions"}],"predecessor-version":[{"id":31191,"href":"https:\/\/zonaroja.com.mx\/index.php?rest_route=\/wp\/v2\/posts\/31189\/revisions\/31191"}],"wp:featuredmedia":[{"embeddable":true,"href":"https:\/\/zonaroja.com.mx\/index.php?rest_route=\/wp\/v2\/media\/31190"}],"wp:attachment":[{"href":"https:\/\/zonaroja.com.mx\/index.php?rest_route=%2Fwp%2Fv2%2Fmedia&parent=31189"}],"wp:term":[{"taxonomy":"category","embeddable":true,"href":"https:\/\/zonaroja.com.mx\/index.php?rest_route=%2Fwp%2Fv2%2Fcategories&post=31189"},{"taxonomy":"post_tag","embeddable":true,"href":"https:\/\/zonaroja.com.mx\/index.php?rest_route=%2Fwp%2Fv2%2Ftags&post=31189"}],"curies":[{"name":"wp","href":"https:\/\/api.w.org\/{rel}","templated":true}]}}