{"id":31192,"date":"2021-08-22T13:24:15","date_gmt":"2021-08-22T18:24:15","guid":{"rendered":"http:\/\/www.zonaroja.com.mx\/?p=31192"},"modified":"2021-08-22T13:24:18","modified_gmt":"2021-08-22T18:24:18","slug":"cumple-la-uabjo-50-anos-con-autonomia-refrenda-compromiso-social","status":"publish","type":"post","link":"https:\/\/zonaroja.com.mx\/?p=31192","title":{"rendered":"Cumple la UABJO 50 a\u00f1os con autonom\u00eda; refrenda compromiso social"},"content":{"rendered":"\n<p>Redacci\u00f3n\/Zona Roja.<\/p>\n\n\n\n<p>Oaxaca de Ju\u00e1rez, Oax., 22 de agosto de 2021.- Este 24 de agosto, la Universidad Aut\u00f3noma \u201cBenito Ju\u00e1rez\u201d de Oaxaca (UABJO) cumple 50 a\u00f1os de gozar a autonom\u00eda.<\/p>\n\n\n\n<p>Sin embargo, a\u00fan enfrenta dificultades, principalmente financieras, para seguir fortaleciendo los planes de estudios, incrementar la matr\u00edcula, mejorar la calidad de la ense\u00f1anza y promover la investigaci\u00f3n cient\u00edfica.<\/p>\n\n\n\n<p>En ese contexto, directores de escuelas, facultades e institutos, as\u00ed como funcionarios y el rector Eduardo Bautista Mart\u00ednez, emitieron un pronunciamiento, en que recalcaron su compromiso con la defensa de esta autonom\u00eda.<\/p>\n\n\n\n<p>Dicha libertad fue aprobada por el Congreso del Estado de Oaxaca, que orden\u00f3 la publicaci\u00f3n del Decreto n\u00famero 276 de fecha 24 de agosto de 1971.<\/p>\n\n\n\n<p>\u201cDesde ese momento hasta el d\u00eda de hoy, la Universidad ha desarrollado acciones que le han permitido tener sus puertas abiertas a la sociedad y cumplir con su misi\u00f3n sustantiva: impartir educaci\u00f3n orientada al beneficio integral de la sociedad, generar conocimiento a trav\u00e9s de la investigaci\u00f3n cient\u00edfica y promover la extensi\u00f3n y difusi\u00f3n de la cultura.<\/p>\n\n\n\n<p>\u201cLa autonom\u00eda tiene que ver con la alta responsabilidad de la comunidad universitaria de emprender sus propios procesos educativos, pol\u00edticos y administrativos, siempre en concordancia al estado de derecho.<\/p>\n\n\n\n<figure class=\"wp-block-embed-twitter wp-block-embed is-type-rich is-provider-twitter\"><div class=\"wp-block-embed__wrapper\">\n<div class=\"twitter-tweet\"><blockquote class=\"twitter-tweet\" data-lang=\"es\"><p lang=\"es\" dir=\"ltr\">*Manifiesto universitario, a 50 a\u00f1os de la Autonom\u00eda de la M\u00e1xima Casa de Estudios de Oaxaca* \ud83d\udc47\ud83c\udffc<a href=\"https:\/\/t.co\/zyUkdFOnth\">https:\/\/t.co\/zyUkdFOnth<\/a> <a href=\"https:\/\/t.co\/UO81TtO9dZ\">pic.twitter.com\/UO81TtO9dZ<\/a><\/p>&mdash; Comunicaci\u00f3nUABJO (@comunica_UABJO) <a href=\"https:\/\/twitter.com\/comunica_UABJO\/status\/1429478843534958602?ref_src=twsrc%5Etfw\">22 de agosto de 2021<\/a><\/blockquote><\/div>\n<\/div><\/figure>\n\n\n\n<p>Es cierto que a\u00fan existen asignaturas pendientes de cubrir, como la actualizaci\u00f3n de la reglamentaci\u00f3n en extenso de los procesos electorales, la suficiencia presupuestal en t\u00e9rminos de corresponsabilidad con el estado y la federaci\u00f3n, la continuidad de la reorganizaci\u00f3n administrativa y la instalaci\u00f3n del Tribunal Universitario.<\/p>\n\n\n\n<p>\u201cPero tambi\u00e9n lo es que, a\u00fan con sus dificultades financieras y en un entorno inveros\u00edmil por las restricciones sanitarias de pandemia, la comunidad universitaria enfoca sus esfuerzos por entregar resultados a la sociedad\u201d, refiere el documento, publicado en redes sociales.<\/p>\n\n\n\n<p>En ese contexto, la UABJO emprende las acciones necesarias para cumplir con la misi\u00f3n del Consejo Nacional para la Coordinaci\u00f3n de la Educaci\u00f3n Superior (CONACES), para que, como se se\u00f1al\u00f3 en su reci\u00e9n instalaci\u00f3n, se favorezca que los sistemas educativos conformen un andamiaje institucional que al involucrarse en un proyecto social, permita a la educaci\u00f3n superior, incidir en la transformaci\u00f3n social de nuestra identidad y nuestra sociedad real.<\/p>\n\n\n\n<p>\u201cQuienes suscribimos, rector, directores y directoras de las escuelas, facultades e institutos, titulares de las secretar\u00edas de la administraci\u00f3n central y secretarios generales de los sindicatos, conmemoramos hoy el 50 aniversario de la autonom\u00eda universitaria.<\/p>\n\n\n\n<p>\u201cAl tiempo que refrendamos nuestro compromiso por seguir construyendo consensos y mejoras en la pol\u00edtica educativa, a\u00fan en los contextos m\u00e1s adversos, como el que hoy vivimos con esta pandemia que ha trastocado la cotidianidad, las actividades institucionales y en conjunto, la vida social\u201d.<\/p>\n\n\n\n<p>A la sociedad oaxaque\u00f1a, expresa su reconocimiento para que la UABJO siga siendo la M\u00e1xima Casa de Estudios en el estado, y su compromiso por la defensa de su autonom\u00eda, motivo de orgullo y de transformaci\u00f3n social.<\/p>\n","protected":false},"excerpt":{"rendered":"<p>Redacci\u00f3n\/Zona Roja. Oaxaca de Ju\u00e1rez, Oax., 22 de agosto de 2021.- Este 24 de agosto,&hellip;<\/p>\n","protected":false},"author":2,"featured_media":25872,"comment_status":"closed","ping_status":"open","sticky":false,"template":"","format":"standard","meta":{"_lmt_disableupdate":"","_lmt_disable":"","_jetpack_memberships_contains_paid_content":false,"footnotes":""},"categories":[109,46],"tags":[282],"class_list":["post-31192","post","type-post","status-publish","format-standard","has-post-thumbnail","hentry","category-minuto-a-minuto","category-zona-blanca","tag-universidad-autonoma-benito-juarez-de-oaxaca"],"jetpack_featured_media_url":"https:\/\/zonaroja.com.mx\/wp-content\/uploads\/2021\/04\/Rectoria-UABJO-1.jpg","jetpack_sharing_enabled":true,"_links":{"self":[{"href":"https:\/\/zonaroja.com.mx\/index.php?rest_route=\/wp\/v2\/posts\/31192","targetHints":{"allow":["GET"]}}],"collection":[{"href":"https:\/\/zonaroja.com.mx\/index.php?rest_route=\/wp\/v2\/posts"}],"about":[{"href":"https:\/\/zonaroja.com.mx\/index.php?rest_route=\/wp\/v2\/types\/post"}],"author":[{"embeddable":true,"href":"https:\/\/zonaroja.com.mx\/index.php?rest_route=\/wp\/v2\/users\/2"}],"replies":[{"embeddable":true,"href":"https:\/\/zonaroja.com.mx\/index.php?rest_route=%2Fwp%2Fv2%2Fcomments&post=31192"}],"version-history":[{"count":1,"href":"https:\/\/zonaroja.com.mx\/index.php?rest_route=\/wp\/v2\/posts\/31192\/revisions"}],"predecessor-version":[{"id":31193,"href":"https:\/\/zonaroja.com.mx\/index.php?rest_route=\/wp\/v2\/posts\/31192\/revisions\/31193"}],"wp:featuredmedia":[{"embeddable":true,"href":"https:\/\/zonaroja.com.mx\/index.php?rest_route=\/wp\/v2\/media\/25872"}],"wp:attachment":[{"href":"https:\/\/zonaroja.com.mx\/index.php?rest_route=%2Fwp%2Fv2%2Fmedia&parent=31192"}],"wp:term":[{"taxonomy":"category","embeddable":true,"href":"https:\/\/zonaroja.com.mx\/index.php?rest_route=%2Fwp%2Fv2%2Fcategories&post=31192"},{"taxonomy":"post_tag","embeddable":true,"href":"https:\/\/zonaroja.com.mx\/index.php?rest_route=%2Fwp%2Fv2%2Ftags&post=31192"}],"curies":[{"name":"wp","href":"https:\/\/api.w.org\/{rel}","templated":true}]}}