{"id":31197,"date":"2021-08-22T15:57:18","date_gmt":"2021-08-22T20:57:18","guid":{"rendered":"http:\/\/www.zonaroja.com.mx\/?p=31197"},"modified":"2021-08-22T15:57:38","modified_gmt":"2021-08-22T20:57:38","slug":"poder-judicial-deberia-liberar-a-defensores-que-han-excedido-lapso-de-juicio","status":"publish","type":"post","link":"https:\/\/zonaroja.com.mx\/?p=31197","title":{"rendered":"Poder Judicial deber\u00eda liberar a defensores que han excedido lapso de prisi\u00f3n preventiva"},"content":{"rendered":"\n<p>Redacci\u00f3n\/Zona Roja.<\/p>\n\n\n\n<p>Oaxaca de Ju\u00e1rez, Oax., 22 de agosto de 2021.- El Congreso del Estado de Oaxaca analiza un exhorto dirigido al Poder Judicial del Estado, para que analice decretar libertad inmediata a defensores de derechos humanos que han excedido el lapso constitucional de dos a\u00f1os de prisi\u00f3n preventiva.<\/p>\n\n\n\n<p>Lo anterior es una propuesta de la diputada Magaly L\u00f3pez Dom\u00ednguez, de la fracci\u00f3n parlamentaria del Partido Morena, quien expuso el caso de Pablo L\u00f3pez Alavez, defensor del medio ambiente y activista, quien lleva 11 a\u00f1os en reclusi\u00f3n y sin sentencia.<\/p>\n\n\n\n<p>En la sesi\u00f3n ordinaria del pasado mi\u00e9rcoles, detall\u00f3 que L\u00f3pez Alavez fue detenido en agosto de 2010, pero no fue sino hasta septiembre de 2017, poco despu\u00e9s de emitida la opini\u00f3n de Naciones Unidas, cuando el Juzgado Penal de Etla le dict\u00f3 finalmente sentencia condenatoria por homicidio calificado.<\/p>\n\n\n\n<p>No obstante, en febrero de 2020, el Primer Tribunal Colegiado Especializado en Materias Penal y del Trabajo del Decimotercer Circuito resolvi\u00f3 otorgarle amparo, por considerar que se violaron sus garant\u00edas, en tanto que el defensor no cont\u00f3 con un int\u00e9rprete que conociera su lengua y cultura, y porque al momento de su detenci\u00f3n no contaba con abogado o abogada.<\/p>\n\n\n\n<p>Por ello, el tribunal federal orden\u00f3 reponer el proceso hasta el momento en el que Pablo L\u00f3pez Alavez rindiera su declaraci\u00f3n preparatoria, garantizando que en esta ocasi\u00f3n s\u00ed estuviese acompa\u00f1ado por int\u00e9rprete y defensa acreditada.<\/p>\n\n\n\n<p>\u201cEs decir, Pablo L\u00f3pez Alavez est\u00e1 hoy justo como hace 11 a\u00f1os, con un proceso suspendido en las primeras 72 horas en las que constitucionalmente debi\u00f3 resolverse su situaci\u00f3n jur\u00eddica.<\/p>\n\n\n\n<p>\u201cOnce a\u00f1os de espera. Esta grav\u00edsima situaci\u00f3n, obviamente, vulnera los principios constitucionales que deben regir el proceso penal\u201d, manifest\u00f3 L\u00f3pez Dom\u00ednguez.<\/p>\n\n\n\n<p>Adem\u00e1s, record\u00f3 que en junio de 2017, el Grupo de Trabajo sobre Detenci\u00f3n Arbitraria de las Naciones Unidas declar\u00f3 arbitraria la detenci\u00f3n, mediante la opini\u00f3n 23\/2017, y consider\u00f3 que \u201cel verdadero motivo de la detenci\u00f3n y enjuiciamiento del Sr. L\u00f3pez Alavez es su actividad como defensor de los derechos humanos de su comunidad, en materia de derechos ambientales. Esto viola su libertad de expresi\u00f3n y el derecho a participar en los asuntos p\u00fablicos\u201d.<\/p>\n\n\n\n<p>Por ello, el Grupo de Trabajo de la ONU declar\u00f3 arbitraria la privaci\u00f3n de la libertad de Pablo L\u00f3pez Alavez, y solicit\u00f3 al Estado mexicano su inmediata liberaci\u00f3n, lo cual no ha sucedido.<\/p>\n\n\n\n<p>Por ello, propuso que se exhorte al Poder Judicial del Estado a que resuelva de plano esta irregularidad, no s\u00f3lo en el caso del ind\u00edgena ecologista Pablo L\u00f3pez Alavez, sino en todos los casos en los que se haya excedido notoriamente los dos a\u00f1os previstos constitucionalmente en el art\u00edculo 20, apartado B, fracci\u00f3n V, segundo p\u00e1rrafo.<\/p>\n\n\n\n<p>\u201cEsto cobra especial relevancia en los casos en que de manera ileg\u00edtima se ha utilizado el aparato de justicia como mecanismo para inhibir o castigar la defensa de los derechos humanos, como se explic\u00f3 al principio\u201d, remarc\u00f3 la legisladora.<\/p>\n","protected":false},"excerpt":{"rendered":"<p>Redacci\u00f3n\/Zona Roja. Oaxaca de Ju\u00e1rez, Oax., 22 de agosto de 2021.- El Congreso del Estado&hellip;<\/p>\n","protected":false},"author":2,"featured_media":25090,"comment_status":"closed","ping_status":"open","sticky":false,"template":"","format":"standard","meta":{"_lmt_disableupdate":"","_lmt_disable":"","_jetpack_memberships_contains_paid_content":false,"footnotes":""},"categories":[109,46,47],"tags":[192],"class_list":["post-31197","post","type-post","status-publish","format-standard","has-post-thumbnail","hentry","category-minuto-a-minuto","category-zona-blanca","category-zona-gris","tag-diputada-magaly-lopez-dominguez"],"jetpack_featured_media_url":"https:\/\/zonaroja.com.mx\/wp-content\/uploads\/2021\/03\/Magaly-Lopez-D.jpg","jetpack_sharing_enabled":true,"_links":{"self":[{"href":"https:\/\/zonaroja.com.mx\/index.php?rest_route=\/wp\/v2\/posts\/31197","targetHints":{"allow":["GET"]}}],"collection":[{"href":"https:\/\/zonaroja.com.mx\/index.php?rest_route=\/wp\/v2\/posts"}],"about":[{"href":"https:\/\/zonaroja.com.mx\/index.php?rest_route=\/wp\/v2\/types\/post"}],"author":[{"embeddable":true,"href":"https:\/\/zonaroja.com.mx\/index.php?rest_route=\/wp\/v2\/users\/2"}],"replies":[{"embeddable":true,"href":"https:\/\/zonaroja.com.mx\/index.php?rest_route=%2Fwp%2Fv2%2Fcomments&post=31197"}],"version-history":[{"count":2,"href":"https:\/\/zonaroja.com.mx\/index.php?rest_route=\/wp\/v2\/posts\/31197\/revisions"}],"predecessor-version":[{"id":31199,"href":"https:\/\/zonaroja.com.mx\/index.php?rest_route=\/wp\/v2\/posts\/31197\/revisions\/31199"}],"wp:featuredmedia":[{"embeddable":true,"href":"https:\/\/zonaroja.com.mx\/index.php?rest_route=\/wp\/v2\/media\/25090"}],"wp:attachment":[{"href":"https:\/\/zonaroja.com.mx\/index.php?rest_route=%2Fwp%2Fv2%2Fmedia&parent=31197"}],"wp:term":[{"taxonomy":"category","embeddable":true,"href":"https:\/\/zonaroja.com.mx\/index.php?rest_route=%2Fwp%2Fv2%2Fcategories&post=31197"},{"taxonomy":"post_tag","embeddable":true,"href":"https:\/\/zonaroja.com.mx\/index.php?rest_route=%2Fwp%2Fv2%2Ftags&post=31197"}],"curies":[{"name":"wp","href":"https:\/\/api.w.org\/{rel}","templated":true}]}}