{"id":31200,"date":"2021-08-22T21:28:26","date_gmt":"2021-08-23T02:28:26","guid":{"rendered":"http:\/\/www.zonaroja.com.mx\/?p=31200"},"modified":"2021-08-22T21:28:28","modified_gmt":"2021-08-23T02:28:28","slug":"registro-oaxaca-en-una-semana-3167-casos-de-covid-y-117-decesos","status":"publish","type":"post","link":"https:\/\/zonaroja.com.mx\/?p=31200","title":{"rendered":"Registr\u00f3 Oaxaca en una semana 3,167 casos de Covid y 117 decesos"},"content":{"rendered":"\n<p>Redacci\u00f3n\/Zona Roja.<\/p>\n\n\n\n<p>Oaxaca de Ju\u00e1rez, Oax., 21 de agosto de 2021.- En la semana del 15 al 21 de agosto, Oaxaca registr\u00f3 un acumulado de 63 mil 273 casos confirmados de Covid-19, un aumento de tres mil 167 contagios esta semana con respecto a la anterior.<\/p>\n\n\n\n<p>Asimismo, 117 defunciones derivadas de esa patolog\u00eda, confirm\u00f3 en un comunicado la dependencia Servicios de Salud de Oaxaca. <\/p>\n\n\n\n<p>Lo anterior representa un promedio diario de 452 casos positivos y 16.7 decesos, en su mayor\u00eda registrados en la regi\u00f3n Valles Centrales. Este domingo, se reportaron 105 contagios y 21 muertes.<\/p>\n\n\n\n<p>En un comunicado, inform\u00f3 que en relaci\u00f3n al promedio de la ocupaci\u00f3n de la red hospitalaria para la atenci\u00f3n de pacientes con esta enfermedad respiratoria, contin\u00faa arriba del 70%.<\/p>\n\n\n\n<p>Extern\u00f3 preocupaci\u00f3n que los nosocomios de las regiones de Valles Centrales, Cuenca del Papaloapan, Costa e Istmo de Tehuantepec, est\u00e1n operando al l\u00edmite de su capacidad.<\/p>\n\n\n\n<figure class=\"wp-block-embed-twitter wp-block-embed is-type-rich is-provider-twitter\"><div class=\"wp-block-embed__wrapper\">\n<div class=\"twitter-tweet\"><blockquote class=\"twitter-tweet\" data-lang=\"es\"><p lang=\"es\" dir=\"ltr\"><a href=\"https:\/\/twitter.com\/hashtag\/%C3%9AltimoMinuto?src=hash&amp;ref_src=twsrc%5Etfw\">#\u00daltimoMinuto<\/a><br>Este domingo, los Servicios de Salud de Oaxaca reportaron 105 casos positivos a Covid, con lo que los casos confirmados aumentan a 63 mil 378.<br>Asimismo, 21 defunciones, para un total de 4 mil 429 decesos.<br>La ocupaci\u00f3n hospitalaria es del 72.5%.<a href=\"https:\/\/twitter.com\/hashtag\/Qu%C3%A9dateEnCasa?src=hash&amp;ref_src=twsrc%5Etfw\">#Qu\u00e9dateEnCasa<\/a> <a href=\"https:\/\/t.co\/dfqVX9svjQ\">pic.twitter.com\/dfqVX9svjQ<\/a><\/p>&mdash; Zona Roja Oaxaca (@Zona_Roja_Oax) <a href=\"https:\/\/twitter.com\/Zona_Roja_Oax\/status\/1429606955656617989?ref_src=twsrc%5Etfw\">23 de agosto de 2021<\/a><\/blockquote><\/div>\n<\/div><\/figure>\n\n\n\n<p>Expuso que la entidad contin\u00faa en alto riesgo de contagios a causa del virus SARS-CoV-2, por lo cual para frenar los niveles cr\u00edticos alcanzados en esta tercera ola de la pandemia, \u201ces necesario que toda la poblaci\u00f3n aplique las medidas sanitarias para evitar contagios, brotes comunitarios y la saturaci\u00f3n de la red m\u00e9dica\u201d.<\/p>\n\n\n\n<p>De acuerdo con la medici\u00f3n de los indicadores de riesgo establecidos por las autoridades sanitarias federales, Oaxaca permanecer\u00e1 del 23 de agosto al 5 de septiembre en sem\u00e1foro epidemiol\u00f3gico color naranja.<\/p>\n\n\n\n<p>La Estrategia de la Pol\u00edtica Nacional de Vacunaci\u00f3n contra el virus SARS-CoV-2 para la prevenci\u00f3n de la COVID-19 en M\u00e9xico, contin\u00faa avanzando en el territorio oaxaque\u00f1o.<\/p>\n\n\n\n<p>Durante los \u00faltimos siete d\u00edas se aplicaron en la entidad 94 mil 616 dosis de inmunol\u00f3gicos de las farmac\u00e9uticas Pfizer-BioNTech, Sinovac y AstraZeneca a poblaci\u00f3n mayor de 18 a\u00f1os.<\/p>\n","protected":false},"excerpt":{"rendered":"<p>Redacci\u00f3n\/Zona Roja. Oaxaca de Ju\u00e1rez, Oax., 21 de agosto de 2021.- En la semana del&hellip;<\/p>\n","protected":false},"author":2,"featured_media":31201,"comment_status":"closed","ping_status":"open","sticky":false,"template":"","format":"standard","meta":{"_lmt_disableupdate":"","_lmt_disable":"","_jetpack_memberships_contains_paid_content":false,"footnotes":""},"categories":[109,47],"tags":[1512],"class_list":["post-31200","post","type-post","status-publish","format-standard","has-post-thumbnail","hentry","category-minuto-a-minuto","category-zona-gris","tag-coronavirus-oaxaca"],"jetpack_featured_media_url":"https:\/\/zonaroja.com.mx\/wp-content\/uploads\/2021\/08\/Gente-movilidad-calles-Oaxaca.jpg","jetpack_sharing_enabled":true,"_links":{"self":[{"href":"https:\/\/zonaroja.com.mx\/index.php?rest_route=\/wp\/v2\/posts\/31200","targetHints":{"allow":["GET"]}}],"collection":[{"href":"https:\/\/zonaroja.com.mx\/index.php?rest_route=\/wp\/v2\/posts"}],"about":[{"href":"https:\/\/zonaroja.com.mx\/index.php?rest_route=\/wp\/v2\/types\/post"}],"author":[{"embeddable":true,"href":"https:\/\/zonaroja.com.mx\/index.php?rest_route=\/wp\/v2\/users\/2"}],"replies":[{"embeddable":true,"href":"https:\/\/zonaroja.com.mx\/index.php?rest_route=%2Fwp%2Fv2%2Fcomments&post=31200"}],"version-history":[{"count":1,"href":"https:\/\/zonaroja.com.mx\/index.php?rest_route=\/wp\/v2\/posts\/31200\/revisions"}],"predecessor-version":[{"id":31202,"href":"https:\/\/zonaroja.com.mx\/index.php?rest_route=\/wp\/v2\/posts\/31200\/revisions\/31202"}],"wp:featuredmedia":[{"embeddable":true,"href":"https:\/\/zonaroja.com.mx\/index.php?rest_route=\/wp\/v2\/media\/31201"}],"wp:attachment":[{"href":"https:\/\/zonaroja.com.mx\/index.php?rest_route=%2Fwp%2Fv2%2Fmedia&parent=31200"}],"wp:term":[{"taxonomy":"category","embeddable":true,"href":"https:\/\/zonaroja.com.mx\/index.php?rest_route=%2Fwp%2Fv2%2Fcategories&post=31200"},{"taxonomy":"post_tag","embeddable":true,"href":"https:\/\/zonaroja.com.mx\/index.php?rest_route=%2Fwp%2Fv2%2Ftags&post=31200"}],"curies":[{"name":"wp","href":"https:\/\/api.w.org\/{rel}","templated":true}]}}