{"id":31204,"date":"2021-08-23T07:22:42","date_gmt":"2021-08-23T12:22:42","guid":{"rendered":"http:\/\/www.zonaroja.com.mx\/?p=31204"},"modified":"2021-08-23T07:34:48","modified_gmt":"2021-08-23T12:34:48","slug":"asesinan-a-cinco-personas-en-oaxaca-una-tras-asalto","status":"publish","type":"post","link":"https:\/\/zonaroja.com.mx\/?p=31204","title":{"rendered":"Asesinan a cinco personas en Oaxaca, una tras asalto"},"content":{"rendered":"\n<p>Redacci\u00f3n\/Zona Roja.<\/p>\n\n\n\n<p>Oaxaca de Ju\u00e1rez, Oax., 23 de agosto de 2021.- Cinco personas perdieron la vida de manera violenta en las \u00faltimas 12 horas en Oaxaca, una de ellas tras ser asaltada.<\/p>\n\n\n\n<p>La madrugada de este lunes, sujetos armados arribaron a una gasoliner\u00eda ubicada sobre la carretera federal 200, Salina Cruz-Pinotepa, a la altura de La Escobilla, Mazunte, Santa Mar\u00eda Tonameca, para cometer un asalto.<\/p>\n\n\n\n<p>Sim embargo, el guardia de seguridad pretendi\u00f3 hacerles frente y evitar el atraco, por lo que fue asesinado por disparos de arma de fuego.<\/p>\n\n\n\n<p>Tambi\u00e9n esta madrugada, en calles del Barrio Nuevo del municipio de Mat\u00edas Romero Avenda\u00f1o, un individuo fue ejecutado hoy, cuya identidad se desconoce hasta ahora.<\/p>\n\n\n\n<p>Mientras que ayer por la tarde, en Santa Mar\u00eda Xadani, municipio de la regi\u00f3n del Istmo, se perpetr\u00f3 un ataque armado, a un costado del campo deportivo.<\/p>\n\n\n\n<p>En el sitio perdi\u00f3 la vida V\u00edctor M., mientras que dos m\u00e1s fueron trasladados a un hospital, donde muri\u00f3 uno conocido como \u201cEl G\u00fcero\u201d.<\/p>\n\n\n\n<p>Mientras que ayer por la tarde en Santa Cruz Xoxocotl\u00e1n, un sujeto apu\u00f1al\u00f3 a una persona identificada como Heriberto Gerado R. G., de 48 a\u00f1os de edad, en la colonia La Florida de Santa Cruz Xoxocotl\u00e1n. <\/p>\n\n\n\n<p>En este caso, la polic\u00eda municipal logr\u00f3 detener a un sujeto que dijo llamarse Rafael F. G., de 23 a\u00f1os de edad, acusado presuntamente de matar a su suegro.<\/p>\n\n\n\n<p>Hasta el momento no hay versi\u00f3n oficial de los hechos y en la mayor\u00eda de los casos tampoco personas detenidas.<\/p>\n","protected":false},"excerpt":{"rendered":"<p>Redacci\u00f3n\/Zona Roja. Oaxaca de Ju\u00e1rez, Oax., 23 de agosto de 2021.- Cinco personas perdieron la&hellip;<\/p>\n","protected":false},"author":2,"featured_media":7486,"comment_status":"closed","ping_status":"open","sticky":false,"template":"","format":"standard","meta":{"_lmt_disableupdate":"","_lmt_disable":"","_jetpack_memberships_contains_paid_content":false,"footnotes":""},"categories":[109,51],"tags":[1296],"class_list":["post-31204","post","type-post","status-publish","format-standard","has-post-thumbnail","hentry","category-minuto-a-minuto","category-zona-roja","tag-santa-maria-xadani"],"jetpack_featured_media_url":"https:\/\/zonaroja.com.mx\/wp-content\/uploads\/2020\/01\/Escena-del-crimen7.jpg","jetpack_sharing_enabled":true,"_links":{"self":[{"href":"https:\/\/zonaroja.com.mx\/index.php?rest_route=\/wp\/v2\/posts\/31204","targetHints":{"allow":["GET"]}}],"collection":[{"href":"https:\/\/zonaroja.com.mx\/index.php?rest_route=\/wp\/v2\/posts"}],"about":[{"href":"https:\/\/zonaroja.com.mx\/index.php?rest_route=\/wp\/v2\/types\/post"}],"author":[{"embeddable":true,"href":"https:\/\/zonaroja.com.mx\/index.php?rest_route=\/wp\/v2\/users\/2"}],"replies":[{"embeddable":true,"href":"https:\/\/zonaroja.com.mx\/index.php?rest_route=%2Fwp%2Fv2%2Fcomments&post=31204"}],"version-history":[{"count":2,"href":"https:\/\/zonaroja.com.mx\/index.php?rest_route=\/wp\/v2\/posts\/31204\/revisions"}],"predecessor-version":[{"id":31207,"href":"https:\/\/zonaroja.com.mx\/index.php?rest_route=\/wp\/v2\/posts\/31204\/revisions\/31207"}],"wp:featuredmedia":[{"embeddable":true,"href":"https:\/\/zonaroja.com.mx\/index.php?rest_route=\/wp\/v2\/media\/7486"}],"wp:attachment":[{"href":"https:\/\/zonaroja.com.mx\/index.php?rest_route=%2Fwp%2Fv2%2Fmedia&parent=31204"}],"wp:term":[{"taxonomy":"category","embeddable":true,"href":"https:\/\/zonaroja.com.mx\/index.php?rest_route=%2Fwp%2Fv2%2Fcategories&post=31204"},{"taxonomy":"post_tag","embeddable":true,"href":"https:\/\/zonaroja.com.mx\/index.php?rest_route=%2Fwp%2Fv2%2Ftags&post=31204"}],"curies":[{"name":"wp","href":"https:\/\/api.w.org\/{rel}","templated":true}]}}