{"id":31208,"date":"2021-08-23T08:14:04","date_gmt":"2021-08-23T13:14:04","guid":{"rendered":"http:\/\/www.zonaroja.com.mx\/?p=31208"},"modified":"2021-08-23T08:26:37","modified_gmt":"2021-08-23T13:26:37","slug":"opinion-la-negra-herencia-de-garcia-jarquin-a-martinez-neri","status":"publish","type":"post","link":"https:\/\/zonaroja.com.mx\/?p=31208","title":{"rendered":"Opini\u00f3n. La negra herencia de Garc\u00eda Jarqu\u00edn a Mart\u00ednez Neri"},"content":{"rendered":"\n<p>Ismael Garc\u00eda M.\/Zona Roja.<\/p>\n\n\n\n<p>Oaxaca de Ju\u00e1rez, Oax., 23 de agosto de 2021.- Faltan casi cuatro meses para que termine el trienio de Oswaldo Garc\u00eda Jarqu\u00edn y el mismo lapso para que Francisco Mart\u00ednez Neri asuma la presidencia municipal de Oaxaca de Ju\u00e1rez.<\/p>\n\n\n\n<p>Del Partido Morena ambos; el primero con el m\u00e1s negro historial que pudiera tener un edil en su desempe\u00f1o, superando por mucho la corrupci\u00f3n, la irresponsabilidad y el dispendio, que tanto criticaban al PRI y a los panistas.<\/p>\n\n\n\n<p>El segundo, ex rector de la UABJO y ex diputado federal, que de \u00faltima hora acept\u00f3 la candidatura, que le tom\u00f3 por sorpresa y tuvo que improvisar todo, y aceptar \u201csugerencias\u201d para su equipo de campa\u00f1a.<\/p>\n\n\n\n<p>Pero algo en com\u00fan hay, por acuerdos o imposiciones, Garc\u00eda Jarqu\u00edn heredar\u00e1 a incondicionales a Mart\u00ednez Neri, y no son precisamente un dechado de funcionarios, lo que no augura un segundo trienio morenista distinto al actual.<\/p>\n\n\n\n<p>NEFASTA HERENCIA<\/p>\n\n\n\n<p>El pr\u00f3ximo Cabildo de Oaxaca de Ju\u00e1rez estar\u00e1 conformado por 11 concejales de Morena y cinco de la oposici\u00f3n, PRI-PAN-PRD, entre ellos Javier Villaca\u00f1a Jim\u00e9nez.<\/p>\n\n\n\n<p>As\u00ed que Francisco Mart\u00ednez Neri no tendr\u00e1 ning\u00fan problema para lograr acuerdos en el seno del cuerpo edilicio, salvo que siga los mismos pasos de su antecesor.<\/p>\n\n\n\n<p>Por lo pronto, el suplente de Mart\u00ednez Neri en la alcald\u00eda es Felipe Edgardo Canseco Ruiz, ex guerrillero, pero no se le se\u00f1ala por esa condici\u00f3n de lucha social, sino por su excesivo protagonismo, que se vio a lo largo de la campa\u00f1a pol\u00edtica.<\/p>\n\n\n\n<p>En absoluto se critica la opci\u00f3n por las armas que decidi\u00f3 Canseco Ruiz, sino porque en todo momento quiso &#8211;y querr\u00e1&#8211; manipular a su antojo las decisiones de Neri; en el trienio 2023-2025 no tendr\u00e1 cargo alguno para imponer, pero indudablemente que ser\u00e1 el poder tras el trono.<\/p>\n\n\n\n<p>La nefasta herencia: Jorge Castro Campos, el constructor y alquimista financiero de Oswaldo Garc\u00eda Jarqu\u00edn, est\u00e1 tambi\u00e9n en la planilla del ex rector de la m\u00e1xima casa de estudios y, seg\u00fan los califican sus propios compa\u00f1eros, el actual s\u00edndico es el sujeto m\u00e1s nefasto en el ayuntamiento, que s\u00f3lo obedece \u00f3rdenes y negocio de toda clase con el edil en turno.<\/p>\n\n\n\n<p>Ismael Cruz Gayt\u00e1n, a\u00fan regidor, pero recordado tambi\u00e9n por su negro historial de \u201cporro\u201d universitario y de manipulador de colonos, que ser\u00e1 tambi\u00e9n del equipo del pr\u00f3ximo presidente municipal.<\/p>\n\n\n\n<p>Ren\u00e9 Ric\u00e1rdez Lim\u00f3n, de gris desempe\u00f1o en Vialidad Municipal y supuestamente en el cargo ahora, por su labor proselitista con Morena; absolutamente nada ha hecho en el cargo.<\/p>\n\n\n\n<p>Deyanira Altamirano G\u00f3mez, esposa de Alejandro Tejada Morales, quien junto con su hermano David Tejada ha usufructuado por muchos a\u00f1os el ambulantaje y se han enriquecido de ello. Son due\u00f1os de la franquicia informal \u201cMarquesitas oaxaque\u00f1as\u201d, que de la noche a la ma\u00f1ana llen\u00f3 las calles de Oaxaca y claro, puestos que rentan, no trabajan.<\/p>\n\n\n\n<p>Por mencionar otros nombres, est\u00e1n tambi\u00e9n Judith Carre\u00f1o Hern\u00e1ndez, actual directora administrativa del DIF Municipal. P\u00e1vel Renato L\u00f3pez G\u00f3mez actual concejal que tampoco ha hecho algo por la ciudad, salvo escurrir el bulto con supuestas cr\u00edticas a Garc\u00eda Jarqu\u00edn.<\/p>\n\n\n\n<p>MAGNA IRRESPONSABILIDAD<\/p>\n\n\n\n<p>\u00bf\u00bbNo robar, no mentir y no traicionar al pueblo?\u00bb. Un video que circul\u00f3 profusamente la semana pasada en redes sociales de medios informativos, ejemplifica de la displicencia e irresponsabilidad con que se ha conducido Oswaldo Garc\u00eda Jarqu\u00edn<\/p>\n\n\n\n<p>En un bar, con sus amigas y amigos, sin cubrebocas y feliz, departiendo en plena pandemia, mientras Oaxaca de Ju\u00e1rez se hunde entre el Covid, la inseguridad, el incremento desmedido de ambulantes, nulas obras p\u00fablicas, calles llenas de baches\u2026<\/p>\n\n\n\n<p>Pero no s\u00f3lo bares y tugurios de la capital frecuente el edil, sino tambi\u00e9n de Bah\u00edas de Huatulco; fuentes period\u00edsticas dan cuenta que hace 15 d\u00edas acudi\u00f3 acompa\u00f1ado de varios amigos, no de su familia, a departir.<\/p>\n\n\n\n<p>Adem\u00e1s, de manera continua acude a despachos inmobiliarios, uno de ellos de los Gurri\u00f3n, por lo que presumen que ya adquiri\u00f3 una propiedad en ese paradisiaco destino.<\/p>\n\n\n\n<p>En sus francachelas presume que puso a Mart\u00ednez Neri en el cargo y que tendr\u00e1 el control tambi\u00e9n el pr\u00f3ximo trienio, por lo cual no podr\u00edan ser investigadas las irregularidades en su administraci\u00f3n.<\/p>\n\n\n\n<p>Una absoluta irresponsabilidad, de la que Morena ha asumido los costos pol\u00edticos, pero que jam\u00e1s le ha llamado la atenci\u00f3n.<\/p>\n\n\n\n<p>\u00bfM\u00c1S DE LO MISMO?<\/p>\n\n\n\n<p>En el pr\u00f3ximo Cabildo, la oposici\u00f3n de Mart\u00ednez Neri ser\u00e1 de cinco concejales: cuatro priistas y una panista, con quienes por cierto, la semana pasada se reuni\u00f3 Javier Villaca\u00f1a Jim\u00e9nez.<\/p>\n\n\n\n<p>Adem\u00e1s del ex candidato a edil, est\u00e1n Pablo Alberto Ram\u00edrez Puga, Jocabed Betanzos, ex regidora y actual funcionaria del gobierno estatal, y Juan Rafael Rosas Herrera, ex dirigente de bur\u00f3cratas; asimismo, la panista Mirna L\u00f3pez Torres.<\/p>\n\n\n\n<p>A\u00fan con m\u00ednima representaci\u00f3n, tienen la oportunidad de hacer la diferencia, pues la actual oposici\u00f3n en el Cabildo capitalino no ha hecho absolutamente nada para frenar la irresponsabilidad y nulo actuar de Garc\u00eda Jarqu\u00edn.<\/p>\n\n\n\n<p>Mart\u00ednez Neri, por su parte, tiene tiempo a\u00fan para analizar el escenario y dar un aut\u00e9ntico golpe de tim\u00f3n al iniciar su trienio, de lo contrario, seguir\u00e1 el mismo destino del gobierno municipal de su antecesor\u2026 para que se siga jodiendo la capital.<\/p>\n","protected":false},"excerpt":{"rendered":"<p>Ismael Garc\u00eda M.\/Zona Roja. Oaxaca de Ju\u00e1rez, Oax., 23 de agosto de 2021.- Faltan casi&hellip;<\/p>\n","protected":false},"author":2,"featured_media":7610,"comment_status":"closed","ping_status":"open","sticky":false,"template":"","format":"standard","meta":{"_lmt_disableupdate":"","_lmt_disable":"","_jetpack_memberships_contains_paid_content":false,"footnotes":""},"categories":[456,109,48],"tags":[1353],"class_list":["post-31208","post","type-post","status-publish","format-standard","has-post-thumbnail","hentry","category-columna","category-minuto-a-minuto","category-zona-critica","tag-opinion-zona-critica"],"jetpack_featured_media_url":"https:\/\/zonaroja.com.mx\/wp-content\/uploads\/2020\/01\/Opini\u00f3n-Zona-Cr\u00edtica.jpg","jetpack_sharing_enabled":true,"_links":{"self":[{"href":"https:\/\/zonaroja.com.mx\/index.php?rest_route=\/wp\/v2\/posts\/31208","targetHints":{"allow":["GET"]}}],"collection":[{"href":"https:\/\/zonaroja.com.mx\/index.php?rest_route=\/wp\/v2\/posts"}],"about":[{"href":"https:\/\/zonaroja.com.mx\/index.php?rest_route=\/wp\/v2\/types\/post"}],"author":[{"embeddable":true,"href":"https:\/\/zonaroja.com.mx\/index.php?rest_route=\/wp\/v2\/users\/2"}],"replies":[{"embeddable":true,"href":"https:\/\/zonaroja.com.mx\/index.php?rest_route=%2Fwp%2Fv2%2Fcomments&post=31208"}],"version-history":[{"count":2,"href":"https:\/\/zonaroja.com.mx\/index.php?rest_route=\/wp\/v2\/posts\/31208\/revisions"}],"predecessor-version":[{"id":31211,"href":"https:\/\/zonaroja.com.mx\/index.php?rest_route=\/wp\/v2\/posts\/31208\/revisions\/31211"}],"wp:featuredmedia":[{"embeddable":true,"href":"https:\/\/zonaroja.com.mx\/index.php?rest_route=\/wp\/v2\/media\/7610"}],"wp:attachment":[{"href":"https:\/\/zonaroja.com.mx\/index.php?rest_route=%2Fwp%2Fv2%2Fmedia&parent=31208"}],"wp:term":[{"taxonomy":"category","embeddable":true,"href":"https:\/\/zonaroja.com.mx\/index.php?rest_route=%2Fwp%2Fv2%2Fcategories&post=31208"},{"taxonomy":"post_tag","embeddable":true,"href":"https:\/\/zonaroja.com.mx\/index.php?rest_route=%2Fwp%2Fv2%2Ftags&post=31208"}],"curies":[{"name":"wp","href":"https:\/\/api.w.org\/{rel}","templated":true}]}}