{"id":3121,"date":"2019-08-15T20:04:22","date_gmt":"2019-08-16T01:04:22","guid":{"rendered":"http:\/\/www.zonaroja.com.mx\/?p=3121"},"modified":"2019-08-15T20:04:25","modified_gmt":"2019-08-16T01:04:25","slug":"detienen-a-presuntos-multihomicida-y-feminicida-en-el-istmo","status":"publish","type":"post","link":"https:\/\/zonaroja.com.mx\/?p=3121","title":{"rendered":"Detienen a presuntos multihomicida y feminicida en el Istmo"},"content":{"rendered":"\n<p>Redacci\u00f3n\/Zona\nRoja.<\/p>\n\n\n\n<p>Oaxaca de\nJu\u00e1rez, Oax., 15 de agosto de 2019.- Dos presuntos delincuentes, uno acusado de\nmultihomicidio y otro de feminicidio, fueron detenidos en la regi\u00f3n del Istmo\nde Tehuantepec.<\/p>\n\n\n\n<p>La Fiscal\u00eda\nGeneral del Estado inform\u00f3 a trav\u00e9s de comunicados que un individuo identificado\ncomo U. S. T, alias \u201cLa Parka\u201d, fue aprehendido y llevado a audiencia, se\u00f1alado\ncomo probable responsable del homicidio de tres personas del sexo masculino,\nocurrido el pasado 15 de julio en de Juchit\u00e1n de Zaragoza.<\/p>\n\n\n\n<p>De acuerdo\ncon la causa penal 300\/2019, en la fecha citada, corporaciones policiales\nreportaron el hallazgo de tres cuerpos sin vida en el bar \u201cLa Parranda\u201d,\nidentificados como G. C. M., C. M. M. R., y C. M. O., los cuales presentaban\ndisparos por arma de fuego, quienes fueron asesinados por sujetos desconocidos,\nentre los que probablemente se encontraba el imputado.<\/p>\n\n\n\n<p>Tras\nrealizar las investigaciones correspondientes, la Fiscal\u00eda identific\u00f3 y\nlocaliz\u00f3 al probable homicida, por lo que el grupo de alto impacto de la\nVicefiscal\u00eda Regional del Istmo, con el apoyo del grupo Fuerza Especial de\nReacci\u00f3n Inmediata (FERI), dio cumplimiento a la orden de cateo a un domicilio\nparticular ubicado en la colonia 25 de Mayo, en Juchit\u00e1n de Zaragoza,\naprehendiendo a U. S. T., alias \u201cLa Parka\u201d.<\/p>\n\n\n\n<p>Al momento\nde su detenci\u00f3n, al imputado se le asegur\u00f3 un arma de fuego tipo escuadra,\ncalibre nueve mil\u00edmetros, con un cargador abastecido con 10 cartuchos \u00fatiles.<\/p>\n\n\n\n<p>Por otra\nparte, este mi\u00e9rcoles, aprehendi\u00f3 y llev\u00f3 a audiencia al probable feminicida identificado\ncomo A. F. T., alias \u201cEl Tinga\u201d.<\/p>\n\n\n\n<p>Con base a\nla carpeta de investigaci\u00f3n 27421\/FIST\/FMUJ-TEHUANTEPEC\/2019, al imputado se le\nse\u00f1ala como el probable responsable del homicidio de Yanet L. S., ocurrido el\npasado 12 de agosto, en la ciudad de Juchit\u00e1n de Zaragoza, por lo cual fue\ndetenido sobre la calle 2 de Noviembre esquina Insurgentes, en esa misma\nciudad.<\/p>\n\n\n\n<p>El imputado\nA. F. T., fue llevado a audiencia ante el juez de control, donde solicit\u00f3 la\nampliaci\u00f3n del plazo constitucional por lo que su situaci\u00f3n jur\u00eddica se\nresolver\u00e1 el pr\u00f3ximo 20 de agosto.<\/p>\n\n\n\n<p>PROBABLE\nVIOLADOR<\/p>\n\n\n\n<p>En otro\ncomunicado, la Fiscal\u00eda dio a conocer que &nbsp;aprehendi\u00f3 y llev\u00f3 a audiencia a otro probable\nviolador sexual infantil, quien fue detenido en la regi\u00f3n de Valles Centrales.<\/p>\n\n\n\n<p>Se trata del\nimputado I. G. R. &#8211;t\u00edo de la v\u00edctima&#8211; quien probablemente viol\u00f3 a un ni\u00f1o de\nsiete a\u00f1os (sobrino), el pasado 10 de abril de 2013, cuando se encontraba en un\ndomicilio particular en la colonia Siete Regiones, municipio de Oaxaca de\nJu\u00e1rez, lugar donde bajo amenazas le impuso la c\u00f3pula.<\/p>\n\n\n\n<p>Luego de la\ndenuncia presentada por los familiares del ni\u00f1o ante el agente del Ministerio\nP\u00fablico, la Fiscal\u00eda obtuvo la orden de aprehensi\u00f3n contra el imputado, quien\nfue detenido por agentes estatales de investigaci\u00f3n el pasado 13 de agosto del\n2019 y presentado ante el Juez de Control de los Valles Centrales.<\/p>\n\n\n\n<p>&nbsp;En audiencia realizada el 14 de agosto de\n2019, el imputado se acogi\u00f3 al t\u00e9rmino constitucional, el cual fenece el\npr\u00f3ximo 19 de agosto, dictando el juez prisi\u00f3n preventiva oficiosa.<\/p>\n","protected":false},"excerpt":{"rendered":"<p>Redacci\u00f3n\/Zona Roja. Oaxaca de Ju\u00e1rez, Oax., 15 de agosto de 2019.- Dos presuntos delincuentes, uno&hellip;<\/p>\n","protected":false},"author":2,"featured_media":3122,"comment_status":"closed","ping_status":"open","sticky":false,"template":"","format":"standard","meta":{"_lmt_disableupdate":"","_lmt_disable":"","_jetpack_memberships_contains_paid_content":false,"footnotes":""},"categories":[51],"tags":[494],"class_list":["post-3121","post","type-post","status-publish","format-standard","has-post-thumbnail","hentry","category-zona-roja","tag-fiscalia-general-del-estado-de-oaxaca"],"jetpack_featured_media_url":"https:\/\/zonaroja.com.mx\/wp-content\/uploads\/2019\/08\/Aprehensi\u00f3n-2.jpg","jetpack_sharing_enabled":true,"_links":{"self":[{"href":"https:\/\/zonaroja.com.mx\/index.php?rest_route=\/wp\/v2\/posts\/3121","targetHints":{"allow":["GET"]}}],"collection":[{"href":"https:\/\/zonaroja.com.mx\/index.php?rest_route=\/wp\/v2\/posts"}],"about":[{"href":"https:\/\/zonaroja.com.mx\/index.php?rest_route=\/wp\/v2\/types\/post"}],"author":[{"embeddable":true,"href":"https:\/\/zonaroja.com.mx\/index.php?rest_route=\/wp\/v2\/users\/2"}],"replies":[{"embeddable":true,"href":"https:\/\/zonaroja.com.mx\/index.php?rest_route=%2Fwp%2Fv2%2Fcomments&post=3121"}],"version-history":[{"count":1,"href":"https:\/\/zonaroja.com.mx\/index.php?rest_route=\/wp\/v2\/posts\/3121\/revisions"}],"predecessor-version":[{"id":3123,"href":"https:\/\/zonaroja.com.mx\/index.php?rest_route=\/wp\/v2\/posts\/3121\/revisions\/3123"}],"wp:featuredmedia":[{"embeddable":true,"href":"https:\/\/zonaroja.com.mx\/index.php?rest_route=\/wp\/v2\/media\/3122"}],"wp:attachment":[{"href":"https:\/\/zonaroja.com.mx\/index.php?rest_route=%2Fwp%2Fv2%2Fmedia&parent=3121"}],"wp:term":[{"taxonomy":"category","embeddable":true,"href":"https:\/\/zonaroja.com.mx\/index.php?rest_route=%2Fwp%2Fv2%2Fcategories&post=3121"},{"taxonomy":"post_tag","embeddable":true,"href":"https:\/\/zonaroja.com.mx\/index.php?rest_route=%2Fwp%2Fv2%2Ftags&post=3121"}],"curies":[{"name":"wp","href":"https:\/\/api.w.org\/{rel}","templated":true}]}}