{"id":31230,"date":"2021-08-23T16:23:47","date_gmt":"2021-08-23T21:23:47","guid":{"rendered":"http:\/\/www.zonaroja.com.mx\/?p=31230"},"modified":"2021-08-23T16:23:50","modified_gmt":"2021-08-23T21:23:50","slug":"siguen-fallas-en-la-segego-y-la-multiplicacion-de-protestas","status":"publish","type":"post","link":"https:\/\/zonaroja.com.mx\/?p=31230","title":{"rendered":"Siguen fallas en la Segego\u2026 y la multiplicaci\u00f3n de protestas"},"content":{"rendered":"\n<p>Evlin Arag\u00f3n\/Zona Roja.<\/p>\n\n\n\n<p>Oaxaca de Ju\u00e1rez, Oax., 23 de agosto de 2021.- De nueva cuenta, la semana inici\u00f3 con una serie de protestas en la capital de Oaxaca y otras regiones. protagonizadas por distintas organizaciones y grupos sindicalizados que exigen atenci\u00f3n a sus demandas por parte de la autoridad estatal.\u00a0<\/p>\n\n\n\n<p>Fueron integrantes del Sindicato Independiente de Trabajadores y Profesionales en Salud (Sityps), quienes radicalizaron sus protestas ante la falta de respuesta por parte del secretario de Salud, Juan Carlos M\u00e1rquez Heine, por el despido injustificado de m\u00e1s de mil trabajadoras y trabajadores, que han dado a conocer.&nbsp;<\/p>\n\n\n\n<p>Por lo anterior, bloquearon sobre la avenida Pino Su\u00e1rez y la calle Constituci\u00f3n, independientemente de mantener su \u201cplant\u00f3n\u201d a las afueras de Casa Oficial por m\u00e1s de ocho d\u00edas, con lo que complicaron seriamente la vialidad en el primer cuadro del Centro Hist\u00f3rico, ya de por s\u00ed afectado con el comercio ambulante.&nbsp;<\/p>\n\n\n\n<p>De acuerdo con Laura Cerqueda de la Rosa, secretaria general del Sityps, su reciente protesta en la comparecencia de M\u00e1rquez Heine sirvi\u00f3 para que fueran atendidos o por lo menos llamados al di\u00e1logo, por lo que han decidido ampliar sus acciones.&nbsp;<\/p>\n\n\n\n<p>Y OTRO GREMIO<\/p>\n\n\n\n<p>En este mismo sentido el reci\u00e9n conformado Sindicato Federal Democr\u00e1tico de Salud (SIFEDS), anunci\u00f3 que 30 de sus agremiados ya fueron notificados que ser\u00e1n despedidos, por lo que en breve estar\u00e1n presentando las demandas correspondientes ante la Junta Local de Conciliaci\u00f3n y Arbitraje (JLCyA), para respaldar a sus agremiados.&nbsp;<\/p>\n\n\n\n<p>Previamente, integrantes de la organizaci\u00f3n \u00abLubizha\u00bb se manifestaron en la capital para exigir a la Fiscal\u00eda General de Oaxaca, encabezada por Arturo Peimbert Calvo, resultados contundentes en torno al homicidio del activista Arturo Pimentel Salas, mismos que incluyan el esclarecimiento de los hechos y castigo a los responsables.<\/p>\n\n\n\n<p>En ese contexto, efectuaron una protesta en la regi\u00f3n de la Mixteca, donde el Frente Nacional Ind\u00edgena y Campesino (FNIC), con al menos tres bloqueos carreteros, afectando las localidades de Tezoatl\u00e1n de Segura y Luna, Huajuapan de Le\u00f3n, Santiago Juxtlahuaca, Santo Domingo Tonal\u00e1, Putla de Guerrero y Tlaxiaco.<\/p>\n\n\n\n<p>Mientras que, en el Istmo, desde temprana hora habitantes de Santa Cruz Tagolaba, Tehuantepec, realizaron un bloqueo carretero en el punto conocido como \u201cEl Caracol\u201d de la carretera Panamericana, impidiendo la comunicaci\u00f3n de la regi\u00f3n con la capital de Oaxaca.&nbsp;<\/p>\n\n\n\n<p>Lo anterior para exigir una mejor calidad de vida y la liberaci\u00f3n de recursos que se aplican en diversos programas sociales para contar con servicios b\u00e1sico como agua potable, electrificaci\u00f3n, drenaje y techo firme.&nbsp;<\/p>\n","protected":false},"excerpt":{"rendered":"<p>Evlin Arag\u00f3n\/Zona Roja. Oaxaca de Ju\u00e1rez, Oax., 23 de agosto de 2021.- De nueva cuenta,&hellip;<\/p>\n","protected":false},"author":2,"featured_media":31231,"comment_status":"closed","ping_status":"open","sticky":false,"template":"","format":"standard","meta":{"_lmt_disableupdate":"","_lmt_disable":"","_jetpack_memberships_contains_paid_content":false,"footnotes":""},"categories":[109,47],"tags":[2254],"class_list":["post-31230","post","type-post","status-publish","format-standard","has-post-thumbnail","hentry","category-minuto-a-minuto","category-zona-gris","tag-protestas-y-bloqueos-oaxaca"],"jetpack_featured_media_url":"https:\/\/zonaroja.com.mx\/wp-content\/uploads\/2021\/08\/Bloqueo-Sindicato-Independiente-Salud-Oaxaca.jpg","jetpack_sharing_enabled":true,"_links":{"self":[{"href":"https:\/\/zonaroja.com.mx\/index.php?rest_route=\/wp\/v2\/posts\/31230","targetHints":{"allow":["GET"]}}],"collection":[{"href":"https:\/\/zonaroja.com.mx\/index.php?rest_route=\/wp\/v2\/posts"}],"about":[{"href":"https:\/\/zonaroja.com.mx\/index.php?rest_route=\/wp\/v2\/types\/post"}],"author":[{"embeddable":true,"href":"https:\/\/zonaroja.com.mx\/index.php?rest_route=\/wp\/v2\/users\/2"}],"replies":[{"embeddable":true,"href":"https:\/\/zonaroja.com.mx\/index.php?rest_route=%2Fwp%2Fv2%2Fcomments&post=31230"}],"version-history":[{"count":1,"href":"https:\/\/zonaroja.com.mx\/index.php?rest_route=\/wp\/v2\/posts\/31230\/revisions"}],"predecessor-version":[{"id":31232,"href":"https:\/\/zonaroja.com.mx\/index.php?rest_route=\/wp\/v2\/posts\/31230\/revisions\/31232"}],"wp:featuredmedia":[{"embeddable":true,"href":"https:\/\/zonaroja.com.mx\/index.php?rest_route=\/wp\/v2\/media\/31231"}],"wp:attachment":[{"href":"https:\/\/zonaroja.com.mx\/index.php?rest_route=%2Fwp%2Fv2%2Fmedia&parent=31230"}],"wp:term":[{"taxonomy":"category","embeddable":true,"href":"https:\/\/zonaroja.com.mx\/index.php?rest_route=%2Fwp%2Fv2%2Fcategories&post=31230"},{"taxonomy":"post_tag","embeddable":true,"href":"https:\/\/zonaroja.com.mx\/index.php?rest_route=%2Fwp%2Fv2%2Ftags&post=31230"}],"curies":[{"name":"wp","href":"https:\/\/api.w.org\/{rel}","templated":true}]}}