{"id":31233,"date":"2021-08-23T20:07:20","date_gmt":"2021-08-24T01:07:20","guid":{"rendered":"http:\/\/www.zonaroja.com.mx\/?p=31233"},"modified":"2021-08-23T20:07:23","modified_gmt":"2021-08-24T01:07:23","slug":"suman-cinco-muertos-y-2-desaparecidos-por-incendio-en-plataforma-de-pemex","status":"publish","type":"post","link":"https:\/\/zonaroja.com.mx\/?p=31233","title":{"rendered":"Suman cinco muertos y 2 desaparecidos por incendio en plataforma de Pemex"},"content":{"rendered":"\n<p>Redacci\u00f3n\/Zona Roja Cdmx.<\/p>\n\n\n\n<p>Ciudad de M\u00e9xico, 23 de agosto de 2021.- Petr\u00f3leos Mexicanos (Pemex) confirm\u00f3 que son cinco personas que perdieron la vida ayer, seis lesionadas y dos m\u00e1s desaparecidas, tras un incendio en la plataforma petrolera en el litoral de Campeche.<\/p>\n\n\n\n<p>A trav\u00e9s de un comunicado, inform\u00f3 que el siniestro se registr\u00f3 en el Centro de Proceso Ku\u2013A en la instalaci\u00f3n de compresi\u00f3n y generaci\u00f3n el\u00e9ctrica E-Ku-A2. De las personas fallecidas, un trabajador es de Pemex y cuatro de la empresa Cotemar.<\/p>\n\n\n\n<p>Asimismo, hay dos desaparecidos de la empresa Bufete de Monitoreo de Condiciones e Integridad (BMCI). Los seis lesionados son atendidos en hospitales, uno de ellos se encuentra en estado grave y los dem\u00e1s est\u00e1n en recuperaci\u00f3n, indic\u00f3.<\/p>\n\n\n\n<p>Expuso que a las 16:30 horas de ayer fue controlado el incendio que se suscit\u00f3 mientras las empresas Cotemar y BMCI desarrollaban tareas programadas de mantenimiento preventivo, limpieza de l\u00edneas de los cabezales de succi\u00f3n y descarga de gas de los compresores de bombeo neum\u00e1tico.<\/p>\n\n\n\n<p>\u201cEn Pemex estamos centrando nuestros esfuerzos en la atenci\u00f3n a los trabajadores afectados y sus familias, as\u00ed como en la b\u00fasqueda exhaustiva del personal reportado como desaparecido.<\/p>\n\n\n\n<p>\u201cAsimismo, se lleva a cabo la inspecci\u00f3n de las instalaciones para evaluar los da\u00f1os e iniciar un an\u00e1lisis causa-ra\u00edz que permita determinar el origen de este hecho y aplicar los seguros que correspondan.<\/p>\n\n\n\n<p>\u201cEl incidente no ocurri\u00f3 por la falta de inversi\u00f3n en mantenimiento de sus instalaciones, ya que esta administraci\u00f3n ha incrementado el presupuesto para este rubro, en virtud de que para la empresa es una prioridad la seguridad de sus trabajadores e instalaciones, incluso por encima de la producci\u00f3n\u201d, remarc\u00f3 en su bolet\u00edn.<\/p>\n\n\n\n<p>A\u00f1adi\u00f3 que ante esta emergencia, el director General, Octavio Romero Oropeza, se traslad\u00f3 a la plataforma siniestrada y posteriormente a Ciudad del Carmen, Campeche.<\/p>\n\n\n\n<p>Ello con el fin de verificar que los heridos y las familias afectadas est\u00e1n siendo atendidos correctamente, as\u00ed como supervisar las labores de b\u00fasqueda de los desaparecidos y agilizar las tareas de reparaci\u00f3n y rehabilitaci\u00f3n de la plataforma da\u00f1ada.<\/p>\n","protected":false},"excerpt":{"rendered":"<p>Redacci\u00f3n\/Zona Roja Cdmx. Ciudad de M\u00e9xico, 23 de agosto de 2021.- Petr\u00f3leos Mexicanos (Pemex) confirm\u00f3&hellip;<\/p>\n","protected":false},"author":2,"featured_media":31234,"comment_status":"closed","ping_status":"open","sticky":false,"template":"","format":"standard","meta":{"_lmt_disableupdate":"","_lmt_disable":"","_jetpack_memberships_contains_paid_content":false,"footnotes":""},"categories":[109,47],"tags":[2858],"class_list":["post-31233","post","type-post","status-publish","format-standard","has-post-thumbnail","hentry","category-minuto-a-minuto","category-zona-gris","tag-incendio-plataforma-campeche-pemex"],"jetpack_featured_media_url":"https:\/\/zonaroja.com.mx\/wp-content\/uploads\/2021\/08\/Incendio-plataforma-Campeche.jpeg","jetpack_sharing_enabled":true,"_links":{"self":[{"href":"https:\/\/zonaroja.com.mx\/index.php?rest_route=\/wp\/v2\/posts\/31233","targetHints":{"allow":["GET"]}}],"collection":[{"href":"https:\/\/zonaroja.com.mx\/index.php?rest_route=\/wp\/v2\/posts"}],"about":[{"href":"https:\/\/zonaroja.com.mx\/index.php?rest_route=\/wp\/v2\/types\/post"}],"author":[{"embeddable":true,"href":"https:\/\/zonaroja.com.mx\/index.php?rest_route=\/wp\/v2\/users\/2"}],"replies":[{"embeddable":true,"href":"https:\/\/zonaroja.com.mx\/index.php?rest_route=%2Fwp%2Fv2%2Fcomments&post=31233"}],"version-history":[{"count":1,"href":"https:\/\/zonaroja.com.mx\/index.php?rest_route=\/wp\/v2\/posts\/31233\/revisions"}],"predecessor-version":[{"id":31235,"href":"https:\/\/zonaroja.com.mx\/index.php?rest_route=\/wp\/v2\/posts\/31233\/revisions\/31235"}],"wp:featuredmedia":[{"embeddable":true,"href":"https:\/\/zonaroja.com.mx\/index.php?rest_route=\/wp\/v2\/media\/31234"}],"wp:attachment":[{"href":"https:\/\/zonaroja.com.mx\/index.php?rest_route=%2Fwp%2Fv2%2Fmedia&parent=31233"}],"wp:term":[{"taxonomy":"category","embeddable":true,"href":"https:\/\/zonaroja.com.mx\/index.php?rest_route=%2Fwp%2Fv2%2Fcategories&post=31233"},{"taxonomy":"post_tag","embeddable":true,"href":"https:\/\/zonaroja.com.mx\/index.php?rest_route=%2Fwp%2Fv2%2Ftags&post=31233"}],"curies":[{"name":"wp","href":"https:\/\/api.w.org\/{rel}","templated":true}]}}