{"id":31236,"date":"2021-08-23T21:15:38","date_gmt":"2021-08-24T02:15:38","guid":{"rendered":"http:\/\/www.zonaroja.com.mx\/?p=31236"},"modified":"2021-08-23T21:15:41","modified_gmt":"2021-08-24T02:15:41","slug":"sucesion-en-la-uabjo-decision-del-consejo-universitario-rector","status":"publish","type":"post","link":"https:\/\/zonaroja.com.mx\/?p=31236","title":{"rendered":"Sucesi\u00f3n en la UABJO, decisi\u00f3n del Consejo Universitario: rector"},"content":{"rendered":"\n<p>Redacci\u00f3n\/Evlin Arag\u00f3n\/Zona Roja.<\/p>\n\n\n\n<p>Oaxaca de Ju\u00e1rez, Oax., 23 de agosto de 2021.- El proceso de elecci\u00f3n de rector en la UABJO se mantiene en suspenso debido a las condiciones de Covid-19 y ser\u00e1 decisi\u00f3n del Consejo Universitario convocar al proceso, una vez que las condiciones sanitarias lo permitan.<\/p>\n\n\n\n<p>As\u00ed lo se\u00f1al\u00f3 el responsable de la m\u00e1xima casa de estudios de Oaxaca, Eduardo Bautista Mart\u00ednez, tras la sesi\u00f3n solemne en que el Congreso del Estado conmemor\u00f3 los 50 a\u00f1os de autonom\u00eda otorgada a la Universidad.<\/p>\n\n\n\n<p>\u201cEl asunto de la sucesi\u00f3n est\u00e1 en manos de nuestro m\u00e1ximo \u00f3rgano de gobierno, del Consejo Universitario. En el momento que tome esa decisi\u00f3n, acatar\u00e9 el acuerdo correspondiente, si esto ocurre en un tiempo muy breve o esperamos que sea as\u00ed, por la salud\u201d, dijo.<\/p>\n\n\n\n<p>Con respecto a probables quejas o dudas de integrantes de la comunidad universitaria, dijo que deben dirigirse al Consejo Universitario; \u201csugiero que esos grupo transmitan sus voces a sus representantes en el Consejo Universitario, para que se haga de manera civilizada y de acuerdo a le legalidad correspondiente\u201d, expuso.<\/p>\n\n\n\n<figure class=\"wp-block-embed-twitter wp-block-embed is-type-rich is-provider-twitter\"><div class=\"wp-block-embed__wrapper\">\n<div class=\"twitter-tweet\"><blockquote class=\"twitter-tweet\" data-lang=\"es\"><p lang=\"es\" dir=\"ltr\"><a href=\"https:\/\/twitter.com\/hashtag\/%C3%9AltimoMinuto?src=hash&amp;ref_src=twsrc%5Etfw\">#\u00daltimoMinuto<\/a> <br>Tras la sesi\u00f3n solemne del <a href=\"https:\/\/twitter.com\/CongresoOaxLXIV?ref_src=twsrc%5Etfw\">@CongresoOaxLXIV<\/a>, el rector <a href=\"https:\/\/twitter.com\/Bautistaeduardo?ref_src=twsrc%5Etfw\">@BautistaEduardo<\/a> fue entrevistado sobre diversos temas. <br>Uno de ellos, la sucesi\u00f3n en la <a href=\"https:\/\/twitter.com\/UABJO?ref_src=twsrc%5Etfw\">@UABJO<\/a>, elecci\u00f3n detenida por la pandemia de Covid-19.<br>Efectuar el proceso es facultad del Consejo Universitario, dijo. <a href=\"https:\/\/t.co\/6cUY7ij92z\">pic.twitter.com\/6cUY7ij92z<\/a><\/p>&mdash; Zona Roja Oaxaca (@Zona_Roja_Oax) <a href=\"https:\/\/twitter.com\/Zona_Roja_Oax\/status\/1429922669999398913?ref_src=twsrc%5Etfw\">23 de agosto de 2021<\/a><\/blockquote><\/div>\n<\/div><\/figure>\n\n\n\n<p>SESI\u00d3N SOLEMNE<\/p>\n\n\n\n<p>\u201cSomos herederos de esas constelaciones libertarias que se fueron articulando, quiz\u00e1s de manera indirecta y que no se limitaron a experiencias asiladas de car\u00e1cter local. En Oaxaca el reconocimiento de la autonom\u00eda universitaria es el resultado del impulso estudiantil\u201d.<\/p>\n\n\n\n<p>Esas fueron las palabras del rector de la UABJO, Eduardo Bautista Mart\u00ednez, en el marco de la sesi\u00f3n solemne para conmemorar el 50 Aniversario de que el Congreso concediera la autonom\u00eda a la Universidad Aut\u00f3noma \u201cBenito Ju\u00e1rez\u201d de Oaxaca.<\/p>\n\n\n\n<p>En su mensaje, reconoci\u00f3 que la universidad ha vivido situaciones complejas durante estos 50 a\u00f1os, sin embargo, sigue siendo la primera y m\u00e1s importante opci\u00f3n para las hijas y los hijos de las familias oaxaque\u00f1as.&nbsp;<\/p>\n\n\n\n<p>As\u00ed lo refiere la matr\u00edcula actual de 27 mil 038 estudiantes, inscritos en 99 programas educativos en los niveles medio superior, superior y posgrado; quienes contribuir\u00e1n con su trabajo al desarrollo de la sociedad oaxaque\u00f1a, tal y como lo han hecho quienes transitaron por sus aulas en a\u00f1os anteriores.&nbsp;<\/p>\n\n\n\n<p>Y aunque refiri\u00f3 el limitado presupuesto con el que cuenta la UABJO, destac\u00f3 que 86 por ciento de la matricula se encuentra inscrita en programas de calidad reconocidos por evaluadores externos, 11 programas de posgrados est\u00e1n registrados a nivel nacional por su calidad, y el 96 por ciento de la planta docente cuenta con un posgrado.<\/p>\n\n\n\n<p>\u201cPese a las carencias de presupuesto, en la UABJO se genera conocimiento y hay investigaci\u00f3n cient\u00edfica de alto nivel\u201d, refiri\u00f3 el rector.\u00a0\u00a0<\/p>\n\n\n\n<figure class=\"wp-block-embed-twitter wp-block-embed is-type-rich is-provider-twitter\"><div class=\"wp-block-embed__wrapper\">\n<div class=\"twitter-tweet\"><blockquote class=\"twitter-tweet\" data-lang=\"es\"><p lang=\"es\" dir=\"ltr\"><a href=\"https:\/\/twitter.com\/hashtag\/%C3%9AltimoMinuto?src=hash&amp;ref_src=twsrc%5Etfw\">#\u00daltimoMinuto<\/a><br>Este lunes, el <a href=\"https:\/\/twitter.com\/CongresoOaxLXIV?ref_src=twsrc%5Etfw\">@CongresoOaxLXIV<\/a> efectu\u00f3 una sesi\u00f3n solemne para conmemorar el 50 aniversario del otorgamiento de autonom\u00eda a la <a href=\"https:\/\/twitter.com\/UABJO?ref_src=twsrc%5Etfw\">@UABJO<\/a>.<br>El rector <a href=\"https:\/\/twitter.com\/Bautistaeduardo?ref_src=twsrc%5Etfw\">@Bautistaeduardo<\/a> dio un mensaje alusivo en tribuna.<br><br>Aqu\u00ed la transmisi\u00f3n del acto:<br>\ud83d\udc47<a href=\"https:\/\/t.co\/WAn1oS1OrW\">https:\/\/t.co\/WAn1oS1OrW<\/a> <a href=\"https:\/\/t.co\/nftiH89z0v\">pic.twitter.com\/nftiH89z0v<\/a><\/p>&mdash; Zona Roja Oaxaca (@Zona_Roja_Oax) <a href=\"https:\/\/twitter.com\/Zona_Roja_Oax\/status\/1429905899360079879?ref_src=twsrc%5Etfw\">23 de agosto de 2021<\/a><\/blockquote><\/div>\n<\/div><\/figure>\n\n\n\n<p>DEFENSA DE AUTONOM\u00cdA<\/p>\n\n\n\n<p>Por su parte, Arsenio Lorenzo Mej\u00eda Garc\u00eda, presidente de la Mesa Directiva de 64 Legislatura, record\u00f3 que fue el 20 de diciembre de 1943 que el Congreso local concedi\u00f3 la autonom\u00eda al Instituto de Ciencias y Artes; posteriormente a finales de 1954 se present\u00f3 un decreto para que fuera elevado al rango de universidad y finalmente en 1971 se le otorga la autonom\u00eda.&nbsp;<\/p>\n\n\n\n<p>\u201cHoy conmemoramos el 50 Aniversario de la publicaci\u00f3n y aprobaci\u00f3n del decreto donde se nombra Universidad Aut\u00f3noma a nuestra alma mater, este hecho hist\u00f3rico fue una iniciativa de nuestros j\u00f3venes estudiantes con la venia de los catedr\u00e1ticos de la \u00e9poca\u201d, dijo.&nbsp;<\/p>\n\n\n\n<p>As\u00ed mismo celebr\u00f3 que la autonom\u00eda, durante estas cinco d\u00e9cadas, se ejerza con responsabilidad al emprender sus propios procesos educativos, pol\u00edticos y administrativos, en concordancia con el Estado de Derecho y la comunidad universitaria.&nbsp;<\/p>\n\n\n\n<p>Finalmente, los legisladores Lorenzo Mej\u00eda Garc\u00eda y Sa\u00fal Rub\u00e9n D\u00edaz Bautista hicieron la entrega, al rector y la secretar\u00eda general de la UABJO, Eduardo Bautista Mart\u00ednez y Leticia Mendoza Toro, del reconocimiento correspondiente por los 50 a\u00f1os de autonom\u00eda de m\u00e1xima casa de estudios.&nbsp;<\/p>\n","protected":false},"excerpt":{"rendered":"<p>Redacci\u00f3n\/Evlin Arag\u00f3n\/Zona Roja. Oaxaca de Ju\u00e1rez, Oax., 23 de agosto de 2021.- El proceso de&hellip;<\/p>\n","protected":false},"author":2,"featured_media":31237,"comment_status":"closed","ping_status":"open","sticky":false,"template":"","format":"standard","meta":{"_lmt_disableupdate":"","_lmt_disable":"","_jetpack_memberships_contains_paid_content":false,"footnotes":""},"categories":[109,46],"tags":[360],"class_list":["post-31236","post","type-post","status-publish","format-standard","has-post-thumbnail","hentry","category-minuto-a-minuto","category-zona-blanca","tag-rector-eduardo-bautista-martinez"],"jetpack_featured_media_url":"https:\/\/zonaroja.com.mx\/wp-content\/uploads\/2021\/08\/UABJO-sesion-solemne-50-anos-autonomia.jpg","jetpack_sharing_enabled":true,"_links":{"self":[{"href":"https:\/\/zonaroja.com.mx\/index.php?rest_route=\/wp\/v2\/posts\/31236","targetHints":{"allow":["GET"]}}],"collection":[{"href":"https:\/\/zonaroja.com.mx\/index.php?rest_route=\/wp\/v2\/posts"}],"about":[{"href":"https:\/\/zonaroja.com.mx\/index.php?rest_route=\/wp\/v2\/types\/post"}],"author":[{"embeddable":true,"href":"https:\/\/zonaroja.com.mx\/index.php?rest_route=\/wp\/v2\/users\/2"}],"replies":[{"embeddable":true,"href":"https:\/\/zonaroja.com.mx\/index.php?rest_route=%2Fwp%2Fv2%2Fcomments&post=31236"}],"version-history":[{"count":1,"href":"https:\/\/zonaroja.com.mx\/index.php?rest_route=\/wp\/v2\/posts\/31236\/revisions"}],"predecessor-version":[{"id":31238,"href":"https:\/\/zonaroja.com.mx\/index.php?rest_route=\/wp\/v2\/posts\/31236\/revisions\/31238"}],"wp:featuredmedia":[{"embeddable":true,"href":"https:\/\/zonaroja.com.mx\/index.php?rest_route=\/wp\/v2\/media\/31237"}],"wp:attachment":[{"href":"https:\/\/zonaroja.com.mx\/index.php?rest_route=%2Fwp%2Fv2%2Fmedia&parent=31236"}],"wp:term":[{"taxonomy":"category","embeddable":true,"href":"https:\/\/zonaroja.com.mx\/index.php?rest_route=%2Fwp%2Fv2%2Fcategories&post=31236"},{"taxonomy":"post_tag","embeddable":true,"href":"https:\/\/zonaroja.com.mx\/index.php?rest_route=%2Fwp%2Fv2%2Ftags&post=31236"}],"curies":[{"name":"wp","href":"https:\/\/api.w.org\/{rel}","templated":true}]}}