{"id":31239,"date":"2021-08-23T22:12:19","date_gmt":"2021-08-24T03:12:19","guid":{"rendered":"http:\/\/www.zonaroja.com.mx\/?p=31239"},"modified":"2021-08-23T22:27:30","modified_gmt":"2021-08-24T03:27:30","slug":"detienen-a-sujeto-que-habria-asesinado-a-hijo-de-fotoperiodista-oaxaqueno","status":"publish","type":"post","link":"https:\/\/zonaroja.com.mx\/?p=31239","title":{"rendered":"Detienen a sujeto que habr\u00eda asesinado a hijo de fotoperiodista oaxaque\u00f1o"},"content":{"rendered":"\n<p>Redaci\u00f3n\/Zona Roja.<\/p>\n\n\n\n<p>Oaxaca de Ju\u00e1rez, Oax., 23 de agosto de 2021.- La Fiscal\u00eda General del Estado de Oaxaca (FGEO) logr\u00f3 aprehender y presentar ante juez a la persona del sexo masculino F. (Fredy) L. J., probable responsable del delito de homicidio en agravio de quien en vida respondiera al nombre de A. R. P. (Adalberto Reyes P\u00e9rez, hijo del fotoperiodista F\u00e9lix Reyes), cometido en jurisdicci\u00f3n de Santa Cruz Xoxocotl\u00e1n, en la regi\u00f3n de Valles Centrales.<\/p>\n\n\n\n<p>De acuerdo con la causa penal 809\/2021, los hechos se suscitaron la noche del pasado 3 de agosto, cuando la v\u00edctima fue interceptada por dos sujetos, quienes la despojaron de sus pertenencias, posteriormente la agredieron con un arma blanca, lesiones que provocaron su muerte en inmediaciones de la colonia Insurgentes de Xoxocotl\u00e1n.<\/p>\n\n\n\n<p>Ante estos hechos, la Instituci\u00f3n de procuraci\u00f3n de justicia -a trav\u00e9s de la Fiscal\u00eda Especializada en Atenci\u00f3n a Delitos de Alto Impacto- atrajo la investigaci\u00f3n, desplegando a su personal multidisciplinario, a fin de realizar las primeras indagatorias para esclarecer este lamentable crimen.<\/p>\n\n\n\n<p>Este lunes 23 de agosto, agentes Estatales de Investigaci\u00f3n lograron la aprehensi\u00f3n del probable responsable, quien fue presentado ante la autoridad judicial que lo requiri\u00f3.<\/p>\n\n\n\n<p>En audiencia, el imputado se acogi\u00f3 al t\u00e9rmino constitucional ampliado, mismo que fenece el pr\u00f3ximo 28 de agosto de 2021, quedando en prisi\u00f3n preventiva provisional.<\/p>\n","protected":false},"excerpt":{"rendered":"<p>Redaci\u00f3n\/Zona Roja. Oaxaca de Ju\u00e1rez, Oax., 23 de agosto de 2021.- La Fiscal\u00eda General del&hellip;<\/p>\n","protected":false},"author":2,"featured_media":30506,"comment_status":"closed","ping_status":"open","sticky":false,"template":"","format":"standard","meta":{"_lmt_disableupdate":"","_lmt_disable":"","_jetpack_memberships_contains_paid_content":false,"footnotes":""},"categories":[109,47],"tags":[494],"class_list":["post-31239","post","type-post","status-publish","format-standard","has-post-thumbnail","hentry","category-minuto-a-minuto","category-zona-gris","tag-fiscalia-general-del-estado-de-oaxaca"],"jetpack_featured_media_url":"https:\/\/zonaroja.com.mx\/wp-content\/uploads\/2021\/08\/ASesinado-Santa-Cruz-Xoxocotlan.jpg","jetpack_sharing_enabled":true,"_links":{"self":[{"href":"https:\/\/zonaroja.com.mx\/index.php?rest_route=\/wp\/v2\/posts\/31239","targetHints":{"allow":["GET"]}}],"collection":[{"href":"https:\/\/zonaroja.com.mx\/index.php?rest_route=\/wp\/v2\/posts"}],"about":[{"href":"https:\/\/zonaroja.com.mx\/index.php?rest_route=\/wp\/v2\/types\/post"}],"author":[{"embeddable":true,"href":"https:\/\/zonaroja.com.mx\/index.php?rest_route=\/wp\/v2\/users\/2"}],"replies":[{"embeddable":true,"href":"https:\/\/zonaroja.com.mx\/index.php?rest_route=%2Fwp%2Fv2%2Fcomments&post=31239"}],"version-history":[{"count":2,"href":"https:\/\/zonaroja.com.mx\/index.php?rest_route=\/wp\/v2\/posts\/31239\/revisions"}],"predecessor-version":[{"id":31245,"href":"https:\/\/zonaroja.com.mx\/index.php?rest_route=\/wp\/v2\/posts\/31239\/revisions\/31245"}],"wp:featuredmedia":[{"embeddable":true,"href":"https:\/\/zonaroja.com.mx\/index.php?rest_route=\/wp\/v2\/media\/30506"}],"wp:attachment":[{"href":"https:\/\/zonaroja.com.mx\/index.php?rest_route=%2Fwp%2Fv2%2Fmedia&parent=31239"}],"wp:term":[{"taxonomy":"category","embeddable":true,"href":"https:\/\/zonaroja.com.mx\/index.php?rest_route=%2Fwp%2Fv2%2Fcategories&post=31239"},{"taxonomy":"post_tag","embeddable":true,"href":"https:\/\/zonaroja.com.mx\/index.php?rest_route=%2Fwp%2Fv2%2Ftags&post=31239"}],"curies":[{"name":"wp","href":"https:\/\/api.w.org\/{rel}","templated":true}]}}