{"id":31241,"date":"2021-08-23T22:26:11","date_gmt":"2021-08-24T03:26:11","guid":{"rendered":"http:\/\/www.zonaroja.com.mx\/?p=31241"},"modified":"2021-08-23T22:26:14","modified_gmt":"2021-08-24T03:26:14","slug":"registran-687-casos-de-personas-que-enfermaron-tras-vacunarse-contra-el-covid","status":"publish","type":"post","link":"https:\/\/zonaroja.com.mx\/?p=31241","title":{"rendered":"Registran 687 casos de personas que enfermaron tras vacunarse contra el Covid"},"content":{"rendered":"\n<p>Redacci\u00f3n\/Zona Roja.<\/p>\n\n\n\n<p>Oaxaca de Ju\u00e1rez, Oax. 23 de agosto de 2021.- Al corte de este lunes, los Servicios de Salud de Oaxaca (SSO) reportan 17 hospitales al 100% de su capacidad, hay 13 nuevos hospitalizados y 2 mil 113 personas que cursan con la enfermedad viral del Covid-19 en fase activa en 184 municipios.<\/p>\n\n\n\n<p>Este d\u00eda se han contabilizado 10 decesos, que suman 4 mil 439 defunciones, as\u00ed como 63 mil 509 casos acumulados por el virus SARS-CoV-2, y 56 mil 957 personas que se han recuperado de la enfermedad.<\/p>\n\n\n\n<p>Por Jurisdicci\u00f3n Sanitaria, Valles Centrales contabiliza 38 mil 914 casos confirmados y dos mil 037 defunciones, Istmo de Tehuantepec ocho mil 055 confirmados y 939 fallecimientos, Tuxtepec cuatro mil 487 confirmados y 401 decesos, Costa 4 mil 787 confirmados y 380 p\u00e9rdidas de vidas humanas, Mixteca 5 mil 149 confirmados y 442 muertes, Sierra dos mil 117 confirmados y 240 v\u00edctimas mortales.<\/p>\n\n\n\n<p>Cabe destacar que hay 131 casos nuevos de Covid-19 que afectan a 40 municipios, siendo el que m\u00e1s casos registran: Oaxaca de Ju\u00e1rez con 31, seguido de San Juan Bautista Tuxtepec con 11, Santa Mar\u00eda Atzompa nueve, Santa Cruz Xoxocotl\u00e1n ocho, Salina Cruz siete, Santa Mar\u00eda Huatulco y Villa Sola de Vega, seis cada uno; Ocotl\u00e1n de Morelos, San Jacinto Amilpas y Villa de Zaachila cuatro cada uno, el resto de tres a un solo caso.<\/p>\n\n\n\n<figure class=\"wp-block-embed-twitter wp-block-embed is-type-rich is-provider-twitter\"><div class=\"wp-block-embed__wrapper\">\n<div class=\"twitter-tweet\"><blockquote class=\"twitter-tweet\" data-lang=\"es\"><p lang=\"es\" dir=\"ltr\"><a href=\"https:\/\/twitter.com\/hashtag\/%C3%9AltimoMinuto?src=hash&amp;ref_src=twsrc%5Etfw\">#\u00daltimoMinuto<\/a><br>Este lunes, los <a href=\"https:\/\/twitter.com\/SSO_GobOax?ref_src=twsrc%5Etfw\">@SSO_GobOax<\/a> reportaron 131 casos positivos a Covid-19, con lo que suman 64 mil 509 casos confirmados.<br>Asimismo, 10 decesos, para un acumulado de 4 mil 439 fallecimientos.<br>Hay 17 nosocomios saturados; ocupaci\u00f3n hospitalaria promedio de 72.6%. <a href=\"https:\/\/t.co\/AnmfeLyN4v\">pic.twitter.com\/AnmfeLyN4v<\/a><\/p>&mdash; Zona Roja Oaxaca (@Zona_Roja_Oax) <a href=\"https:\/\/twitter.com\/Zona_Roja_Oax\/status\/1429976322848215051?ref_src=twsrc%5Etfw\">24 de agosto de 2021<\/a><\/blockquote><\/div>\n<\/div><\/figure>\n\n\n\n<p>De las 4 mil 439 defunciones registradas este d\u00eda, 2 mil 842 han sido hombres y mil 597 mujeres. Los grupos de edad m\u00e1s afectados son los de 65 y m\u00e1s con dos mil 65; 50 a 59 a\u00f1os con 956; 60 a 64 con 630; de 25 a 44 a\u00f1os con 440; las comorbilidades asociadas son la hipertensi\u00f3n arterial, diabetes, obesidad e insuficiencia renal.<\/p>\n\n\n\n<p>En relaci\u00f3n a la ocupaci\u00f3n hospitalaria, destaca la Jurisdicci\u00f3n Sanitaria de Valles Centrales con 87%, seguido de Tuxtepec con el 74.6%, Mixteca con 69.7%, Istmo 57.6%, Costa 53.3% y Sierra 0%, lo que eleva a 72.6% la saturaci\u00f3n global de la red m\u00e9dica.<\/p>\n\n\n\n<p>ENFERMOS TRAS VACUNAS La instituci\u00f3n detalla que los Eventos Supuestamente Atribuibles a la Vacunaci\u00f3n e Inmunizaci\u00f3n (ESAVI) por la farmac\u00e9utica Pfizer-BioNTech, se han notificado en total 687 casos, de AstraZeneca 241, de SINOVAC 53, y Cansino Biologics 62 casos, los cuales presentaron principalmente dolor o sensibilidad local, astenia, mareos y adinamia.&nbsp;&nbsp;<\/p>\n","protected":false},"excerpt":{"rendered":"<p>Redacci\u00f3n\/Zona Roja. Oaxaca de Ju\u00e1rez, Oax. 23 de agosto de 2021.- Al corte de este&hellip;<\/p>\n","protected":false},"author":2,"featured_media":31242,"comment_status":"closed","ping_status":"open","sticky":false,"template":"","format":"standard","meta":{"_lmt_disableupdate":"","_lmt_disable":"","_jetpack_memberships_contains_paid_content":false,"footnotes":""},"categories":[109,47],"tags":[1512],"class_list":["post-31241","post","type-post","status-publish","format-standard","has-post-thumbnail","hentry","category-minuto-a-minuto","category-zona-gris","tag-coronavirus-oaxaca"],"jetpack_featured_media_url":"https:\/\/zonaroja.com.mx\/wp-content\/uploads\/2021\/08\/SSO-2.jpeg","jetpack_sharing_enabled":true,"_links":{"self":[{"href":"https:\/\/zonaroja.com.mx\/index.php?rest_route=\/wp\/v2\/posts\/31241","targetHints":{"allow":["GET"]}}],"collection":[{"href":"https:\/\/zonaroja.com.mx\/index.php?rest_route=\/wp\/v2\/posts"}],"about":[{"href":"https:\/\/zonaroja.com.mx\/index.php?rest_route=\/wp\/v2\/types\/post"}],"author":[{"embeddable":true,"href":"https:\/\/zonaroja.com.mx\/index.php?rest_route=\/wp\/v2\/users\/2"}],"replies":[{"embeddable":true,"href":"https:\/\/zonaroja.com.mx\/index.php?rest_route=%2Fwp%2Fv2%2Fcomments&post=31241"}],"version-history":[{"count":1,"href":"https:\/\/zonaroja.com.mx\/index.php?rest_route=\/wp\/v2\/posts\/31241\/revisions"}],"predecessor-version":[{"id":31243,"href":"https:\/\/zonaroja.com.mx\/index.php?rest_route=\/wp\/v2\/posts\/31241\/revisions\/31243"}],"wp:featuredmedia":[{"embeddable":true,"href":"https:\/\/zonaroja.com.mx\/index.php?rest_route=\/wp\/v2\/media\/31242"}],"wp:attachment":[{"href":"https:\/\/zonaroja.com.mx\/index.php?rest_route=%2Fwp%2Fv2%2Fmedia&parent=31241"}],"wp:term":[{"taxonomy":"category","embeddable":true,"href":"https:\/\/zonaroja.com.mx\/index.php?rest_route=%2Fwp%2Fv2%2Fcategories&post=31241"},{"taxonomy":"post_tag","embeddable":true,"href":"https:\/\/zonaroja.com.mx\/index.php?rest_route=%2Fwp%2Fv2%2Ftags&post=31241"}],"curies":[{"name":"wp","href":"https:\/\/api.w.org\/{rel}","templated":true}]}}