{"id":31244,"date":"2021-08-23T22:35:28","date_gmt":"2021-08-24T03:35:28","guid":{"rendered":"http:\/\/www.zonaroja.com.mx\/?p=31244"},"modified":"2021-08-23T22:35:30","modified_gmt":"2021-08-24T03:35:30","slug":"identifican-a-asesinado-en-poblacion-del-distrito-de-tlacolula","status":"publish","type":"post","link":"https:\/\/zonaroja.com.mx\/?p=31244","title":{"rendered":"Identifican a asesinado en poblaci\u00f3n del distrito de Tlacolula"},"content":{"rendered":"\n<p>Redacci\u00f3n\/Zona Roja.<\/p>\n\n\n\n<p>Oaxaca de Ju\u00e1rez, Oax., 23 de agosto de 2021.- Una persona del sexo masculino fue asesinada a balazos la ma\u00f1ana de este domingo en una poblaci\u00f3n del distrito de Tlacolula, Oaxaca.<\/p>\n\n\n\n<p>Fue a un costado de la carretera que comunica a San Juan Guelav\u00eda con Magdalena Teitipac, en que se localiz\u00f3 el cuerpo del individuo, con varios impactos de arma de fuego.<\/p>\n\n\n\n<p>Fue identificado de manera Sergio M. H., de 38 a\u00f1os de edad, originario de Magdalena Teitipac.<\/p>\n\n\n\n<p>Hasta el momento se desconoce el m\u00f3vil como el o los autores del asesinato. Personal de la Fiscal\u00eda General del Estado de Oaxaca arrib\u00f3 a la zona para iniciar las indagatorias correspondientes.<\/p>\n\n\n\n<figure class=\"wp-block-embed-twitter wp-block-embed is-type-rich is-provider-twitter\"><div class=\"wp-block-embed__wrapper\">\n<div class=\"twitter-tweet\"><blockquote class=\"twitter-tweet\" data-lang=\"es\"><p lang=\"es\" dir=\"ltr\"><a href=\"https:\/\/twitter.com\/hashtag\/%C3%9AltimoMinuto?src=hash&amp;ref_src=twsrc%5Etfw\">#\u00daltimoMinuto<\/a> <br>Reportan el hallazgo de un cuerpo en la carretera San Juan Guelav\u00eda-Magdalena Teitipac, distrito de Tlacolula, Oaxaca; presuntamente presenta disparos de arma de fuego. <a href=\"https:\/\/t.co\/VLBO1cDEYx\">pic.twitter.com\/VLBO1cDEYx<\/a><\/p>&mdash; Zona Roja Oaxaca (@Zona_Roja_Oax) <a href=\"https:\/\/twitter.com\/Zona_Roja_Oax\/status\/1429883247836766211?ref_src=twsrc%5Etfw\">23 de agosto de 2021<\/a><\/blockquote><\/div>\n<\/div><\/figure>\n","protected":false},"excerpt":{"rendered":"<p>Redacci\u00f3n\/Zona Roja. Oaxaca de Ju\u00e1rez, Oax., 23 de agosto de 2021.- Una persona del sexo&hellip;<\/p>\n","protected":false},"author":2,"featured_media":31246,"comment_status":"closed","ping_status":"open","sticky":false,"template":"","format":"standard","meta":{"_lmt_disableupdate":"","_lmt_disable":"","_jetpack_memberships_contains_paid_content":false,"footnotes":""},"categories":[109,51],"tags":[2859],"class_list":["post-31244","post","type-post","status-publish","format-standard","has-post-thumbnail","hentry","category-minuto-a-minuto","category-zona-roja","tag-san-juan-teitipac"],"jetpack_featured_media_url":"https:\/\/zonaroja.com.mx\/wp-content\/uploads\/2021\/08\/Asesinado-Teitipac.jpg","jetpack_sharing_enabled":true,"_links":{"self":[{"href":"https:\/\/zonaroja.com.mx\/index.php?rest_route=\/wp\/v2\/posts\/31244","targetHints":{"allow":["GET"]}}],"collection":[{"href":"https:\/\/zonaroja.com.mx\/index.php?rest_route=\/wp\/v2\/posts"}],"about":[{"href":"https:\/\/zonaroja.com.mx\/index.php?rest_route=\/wp\/v2\/types\/post"}],"author":[{"embeddable":true,"href":"https:\/\/zonaroja.com.mx\/index.php?rest_route=\/wp\/v2\/users\/2"}],"replies":[{"embeddable":true,"href":"https:\/\/zonaroja.com.mx\/index.php?rest_route=%2Fwp%2Fv2%2Fcomments&post=31244"}],"version-history":[{"count":1,"href":"https:\/\/zonaroja.com.mx\/index.php?rest_route=\/wp\/v2\/posts\/31244\/revisions"}],"predecessor-version":[{"id":31247,"href":"https:\/\/zonaroja.com.mx\/index.php?rest_route=\/wp\/v2\/posts\/31244\/revisions\/31247"}],"wp:featuredmedia":[{"embeddable":true,"href":"https:\/\/zonaroja.com.mx\/index.php?rest_route=\/wp\/v2\/media\/31246"}],"wp:attachment":[{"href":"https:\/\/zonaroja.com.mx\/index.php?rest_route=%2Fwp%2Fv2%2Fmedia&parent=31244"}],"wp:term":[{"taxonomy":"category","embeddable":true,"href":"https:\/\/zonaroja.com.mx\/index.php?rest_route=%2Fwp%2Fv2%2Fcategories&post=31244"},{"taxonomy":"post_tag","embeddable":true,"href":"https:\/\/zonaroja.com.mx\/index.php?rest_route=%2Fwp%2Fv2%2Ftags&post=31244"}],"curies":[{"name":"wp","href":"https:\/\/api.w.org\/{rel}","templated":true}]}}