{"id":31248,"date":"2021-08-24T07:27:09","date_gmt":"2021-08-24T12:27:09","guid":{"rendered":"http:\/\/www.zonaroja.com.mx\/?p=31248"},"modified":"2021-08-24T07:27:13","modified_gmt":"2021-08-24T12:27:13","slug":"muertes-por-enfermedades-respiratorias-primera-causa-de-decesos-en-clinicas-particulares","status":"publish","type":"post","link":"https:\/\/zonaroja.com.mx\/?p=31248","title":{"rendered":"Muertes por enfermedades respiratorias, primera causa de decesos en cl\u00ednicas particulares"},"content":{"rendered":"\n<p>Redacci\u00f3n\/Estado 20.<\/p>\n\n\n\n<p>Oaxaca de Ju\u00e1rez, Oax., 24 de agosto de 2021.- En 2020, las enfermedades del sistema respiratorio generaron el mayor n\u00famero de defunciones en cl\u00ednicas y hospitales particulares del pa\u00eds, con un total de 9 mil 569 casos, que representaron el 34.9 por ciento del total de las muertes contabilizadas en esos establecimientos.<\/p>\n\n\n\n<p>El Instituto Nacional de Estad\u00edstica y Geograf\u00eda (Inegi) report\u00f3 que de esas nueve mil 569 muertes por enfermedades respiratorias, cinco mil 401 correspondieron a pacientes v\u00edctimas de Covid 19; es decir, 56.44 por ciento de los decesos fueron a causa de la pandemia.<\/p>\n\n\n\n<p>A pesar de ello, el Inegi, a trav\u00e9s de la Estad\u00edstica de Salud en Establecimientos Particulares 2020, indic\u00f3 que durante el a\u00f1o pasado, los hospitales particulares del pa\u00eds, incluidos los de Oaxaca, reportaron el ingreso de 52 mil 755 pacientes v\u00edctimas de Covid 19, de los cuales el 89.8 por ciento, 47 mil 354, correspondieron a pacientes dado de alta.<\/p>\n\n\n\n<p>La segunda causa de defunciones en la red hospitalaria privada del pa\u00eds fueron las enfermedades del sistema circulatorio, con cuatro mil 973 defunciones, 18.1 por ciento del total, y, en tercer lugar, tumores o neoplasias, con dos mil 217 personas fallecidas, correspondientes al 8.1 por ciento.<\/p>\n","protected":false},"excerpt":{"rendered":"<p>Redacci\u00f3n\/Estado 20. Oaxaca de Ju\u00e1rez, Oax., 24 de agosto de 2021.- En 2020, las enfermedades&hellip;<\/p>\n","protected":false},"author":2,"featured_media":19061,"comment_status":"closed","ping_status":"open","sticky":false,"template":"","format":"standard","meta":{"_lmt_disableupdate":"","_lmt_disable":"","_jetpack_memberships_contains_paid_content":false,"footnotes":""},"categories":[109,47],"tags":[1512],"class_list":["post-31248","post","type-post","status-publish","format-standard","has-post-thumbnail","hentry","category-minuto-a-minuto","category-zona-gris","tag-coronavirus-oaxaca"],"jetpack_featured_media_url":"https:\/\/zonaroja.com.mx\/wp-content\/uploads\/2020\/10\/Muertes-Covid-19.jpg","jetpack_sharing_enabled":true,"_links":{"self":[{"href":"https:\/\/zonaroja.com.mx\/index.php?rest_route=\/wp\/v2\/posts\/31248","targetHints":{"allow":["GET"]}}],"collection":[{"href":"https:\/\/zonaroja.com.mx\/index.php?rest_route=\/wp\/v2\/posts"}],"about":[{"href":"https:\/\/zonaroja.com.mx\/index.php?rest_route=\/wp\/v2\/types\/post"}],"author":[{"embeddable":true,"href":"https:\/\/zonaroja.com.mx\/index.php?rest_route=\/wp\/v2\/users\/2"}],"replies":[{"embeddable":true,"href":"https:\/\/zonaroja.com.mx\/index.php?rest_route=%2Fwp%2Fv2%2Fcomments&post=31248"}],"version-history":[{"count":1,"href":"https:\/\/zonaroja.com.mx\/index.php?rest_route=\/wp\/v2\/posts\/31248\/revisions"}],"predecessor-version":[{"id":31249,"href":"https:\/\/zonaroja.com.mx\/index.php?rest_route=\/wp\/v2\/posts\/31248\/revisions\/31249"}],"wp:featuredmedia":[{"embeddable":true,"href":"https:\/\/zonaroja.com.mx\/index.php?rest_route=\/wp\/v2\/media\/19061"}],"wp:attachment":[{"href":"https:\/\/zonaroja.com.mx\/index.php?rest_route=%2Fwp%2Fv2%2Fmedia&parent=31248"}],"wp:term":[{"taxonomy":"category","embeddable":true,"href":"https:\/\/zonaroja.com.mx\/index.php?rest_route=%2Fwp%2Fv2%2Fcategories&post=31248"},{"taxonomy":"post_tag","embeddable":true,"href":"https:\/\/zonaroja.com.mx\/index.php?rest_route=%2Fwp%2Fv2%2Ftags&post=31248"}],"curies":[{"name":"wp","href":"https:\/\/api.w.org\/{rel}","templated":true}]}}