{"id":31250,"date":"2021-08-24T07:33:48","date_gmt":"2021-08-24T12:33:48","guid":{"rendered":"http:\/\/www.zonaroja.com.mx\/?p=31250"},"modified":"2021-08-24T07:33:51","modified_gmt":"2021-08-24T12:33:51","slug":"como-no-nos-va-a-doler-el-derribo-de-tantisimos-arboles-para-mas-coches","status":"publish","type":"post","link":"https:\/\/zonaroja.com.mx\/?p=31250","title":{"rendered":"\u201cC\u00f3mo no nos va a doler el derribo de tant\u00edsimos \u00e1rboles para m\u00e1s coches\u201d"},"content":{"rendered":"\n<p>Evlin Arag\u00f3n\/Zona Roja.<\/p>\n\n\n\n<p>Oaxaca de Ju\u00e1rez, Oax., 24 de agosto de 2021.- \u201cNo necesitamos ocho carriles en Oaxaca para llegar a un embudo de una calle. Necesitamos una planeaci\u00f3n completa, cuidar los \u00e1rboles que existen y sembrar m\u00e1s\u201d.<\/p>\n\n\n\n<p>Son las palabras de la presidenta de la Fundaci\u00f3n \u201cAlfredo Harp Hel\u00fa\u201d, Isabel Gra\u00f1\u00e9n Porr\u00faa, quien critic\u00f3 fuertemente la serie de da\u00f1os al arbolado urbano que promueven las autoridades municipales y estatales.<\/p>\n\n\n\n<p>En su participaci\u00f3n ayer en la defensa del \u00e1rbol y la plazuela \u201cEl Calvario\u201d, la fil\u00e1ntropa oaxaque\u00f1a y esposa del empresario Alfredo Harp, cuestion\u00f3 el poco amor que demuestran las autoridades hacia la ciudad de Oaxaca, al pretender cortar de tajo con el arbolado urbano que le pertenece a toda la poblaci\u00f3n.&nbsp;<\/p>\n\n\n\n<p>\u201cComo no nos va a doler el derribo de tant\u00edsimos \u00e1rboles para abrir paso a m\u00e1s coches. Es justamente al rev\u00e9s, lo que la ciudad necesita son menos coches y m\u00e1s \u00e1rboles. Dicen qu\u00e9 se van a sembrar el triple \u00a1Y eso que! \u00bfVan a tirar el Tule para sembrar m\u00e1s?\u201d, cuestion\u00f3 ante los medios de comunicaci\u00f3n.<\/p>\n\n\n\n<p>Y es que para la obra ampliaci\u00f3n de la avenida S\u00edmbolos Patrios, al sur de la capital, la Secretar\u00eda de las Infraestructura y Ordenamiento Territorial (Sinfra), reconoci\u00f3 el derribo de m\u00e1s de 500 \u00e1rboles, argumentando que se sembraran m\u00e1s de mil quinientos como compensaci\u00f3n.\u00a0<\/p>\n\n\n\n<figure class=\"wp-block-embed-twitter wp-block-embed is-type-rich is-provider-twitter\"><div class=\"wp-block-embed__wrapper\">\n<div class=\"twitter-tweet\"><blockquote class=\"twitter-tweet\" data-lang=\"es\"><p lang=\"es\" dir=\"ltr\">2). La presidenta de la <a href=\"https:\/\/twitter.com\/FundacionAHHO?ref_src=twsrc%5Etfw\">@FundacionAHHO<\/a>, <a href=\"https:\/\/twitter.com\/isabelgporrua?ref_src=twsrc%5Etfw\">@isabelgporrua<\/a>, se pronunci\u00f3 tambi\u00e9n contra el derribo de \u00e1rboles en la ciudad de <a href=\"https:\/\/twitter.com\/hashtag\/Oaxaca?src=hash&amp;ref_src=twsrc%5Etfw\">#Oaxaca<\/a>; en particular por obras de avenida S\u00edmbolos Patrios; \u201cc\u00f3mo no nos va a doler tant\u00edsimos \u00e1rboles que van a tirar para abrir paso a m\u00e1s coches\u201d, dijo. <a href=\"https:\/\/t.co\/HnVuCX4woA\">pic.twitter.com\/HnVuCX4woA<\/a><\/p>&mdash; Zona Roja Oaxaca (@Zona_Roja_Oax) <a href=\"https:\/\/twitter.com\/Zona_Roja_Oax\/status\/1429970413216468994?ref_src=twsrc%5Etfw\">24 de agosto de 2021<\/a><\/blockquote><\/div>\n<\/div><\/figure>\n\n\n\n<p>Lo anterior, de acuerdo con Gra\u00f1\u00e9n Porr\u00faa, est\u00e1 fuera de toda proporci\u00f3n, toda vez que se trata de ejemplares con un tama\u00f1o importante y que representan un importante pulm\u00f3n para la ciudad y la zona conurbada, as\u00ed como para quienes habitan en la zona.<\/p>\n\n\n\n<p>As\u00ed mismo, cuestion\u00f3 el actuar de las autoridades del municipio capitalino, quienes recientemente trataron de derribar el \u00e1rbol ubicado en la plazuela \u201cEl Calvario, argumento propiedad privada en un lugar que pertenece a todas y todos los oaxaque\u00f1os<\/p>\n\n\n\n<p>\u201cNos duele el \u00e1rbol. No vinieron a podarlo, vinieron a cortarlo. Nos duele que se quieran aprovechar de un espacio p\u00fablico. Es muy lamentable y creo que es momento para replantearnos los temas que tambi\u00e9n son importantes para la ciudad\u201d, dijo,&nbsp;<\/p>\n\n\n\n<p>Finalmente, invit\u00f3 las autoridades municipales y estatales a trabajar en conjunto con quienes hoy se han pronunciado a favor de la conservaci\u00f3n del medioambiente y de los espacios p\u00fablicos que tanta falta hacen en la ciudad y la entidad.&nbsp;<\/p>\n\n\n\n<p>As\u00ed mismo pidi\u00f3 que la protesta de las y los ambientalistas no sea vista como una piedra en el zapato, sino como una oportunidad de trabajar en conjunto a fin de desarrollar proyectos amigables con el planeta y que no pongan en riesgo el bienestar social.&nbsp;<\/p>\n","protected":false},"excerpt":{"rendered":"<p>Evlin Arag\u00f3n\/Zona Roja. Oaxaca de Ju\u00e1rez, Oax., 24 de agosto de 2021.- \u201cNo necesitamos ocho&hellip;<\/p>\n","protected":false},"author":2,"featured_media":31251,"comment_status":"closed","ping_status":"open","sticky":false,"template":"","format":"standard","meta":{"_lmt_disableupdate":"","_lmt_disable":"","_jetpack_memberships_contains_paid_content":false,"footnotes":""},"categories":[109,47],"tags":[716],"class_list":["post-31250","post","type-post","status-publish","format-standard","has-post-thumbnail","hentry","category-minuto-a-minuto","category-zona-gris","tag-maria-isabel-granen-porrua"],"jetpack_featured_media_url":"https:\/\/zonaroja.com.mx\/wp-content\/uploads\/2021\/08\/Isabel-Granen-Porrua.jpg","jetpack_sharing_enabled":true,"_links":{"self":[{"href":"https:\/\/zonaroja.com.mx\/index.php?rest_route=\/wp\/v2\/posts\/31250","targetHints":{"allow":["GET"]}}],"collection":[{"href":"https:\/\/zonaroja.com.mx\/index.php?rest_route=\/wp\/v2\/posts"}],"about":[{"href":"https:\/\/zonaroja.com.mx\/index.php?rest_route=\/wp\/v2\/types\/post"}],"author":[{"embeddable":true,"href":"https:\/\/zonaroja.com.mx\/index.php?rest_route=\/wp\/v2\/users\/2"}],"replies":[{"embeddable":true,"href":"https:\/\/zonaroja.com.mx\/index.php?rest_route=%2Fwp%2Fv2%2Fcomments&post=31250"}],"version-history":[{"count":1,"href":"https:\/\/zonaroja.com.mx\/index.php?rest_route=\/wp\/v2\/posts\/31250\/revisions"}],"predecessor-version":[{"id":31252,"href":"https:\/\/zonaroja.com.mx\/index.php?rest_route=\/wp\/v2\/posts\/31250\/revisions\/31252"}],"wp:featuredmedia":[{"embeddable":true,"href":"https:\/\/zonaroja.com.mx\/index.php?rest_route=\/wp\/v2\/media\/31251"}],"wp:attachment":[{"href":"https:\/\/zonaroja.com.mx\/index.php?rest_route=%2Fwp%2Fv2%2Fmedia&parent=31250"}],"wp:term":[{"taxonomy":"category","embeddable":true,"href":"https:\/\/zonaroja.com.mx\/index.php?rest_route=%2Fwp%2Fv2%2Fcategories&post=31250"},{"taxonomy":"post_tag","embeddable":true,"href":"https:\/\/zonaroja.com.mx\/index.php?rest_route=%2Fwp%2Fv2%2Ftags&post=31250"}],"curies":[{"name":"wp","href":"https:\/\/api.w.org\/{rel}","templated":true}]}}