{"id":31257,"date":"2021-08-24T07:57:42","date_gmt":"2021-08-24T12:57:42","guid":{"rendered":"http:\/\/www.zonaroja.com.mx\/?p=31257"},"modified":"2021-08-24T07:57:45","modified_gmt":"2021-08-24T12:57:45","slug":"en-pandemia-han-agredido-a-29-defensores-de-derechos-en-oaxaca","status":"publish","type":"post","link":"https:\/\/zonaroja.com.mx\/?p=31257","title":{"rendered":"En pandemia, han agredido a 29 defensores de derechos en Oaxaca"},"content":{"rendered":"\n<p>Redacci\u00f3n\/Zona Roja.<\/p>\n\n\n\n<p>Oaxaca de Ju\u00e1rez, Oax., 24 de agosto de 2021.- La Defensor\u00eda de los Derechos Humanos del Pueblo de Oaxaca (DDHPO) tiene registro de 29 expedientes relacionados con actos de hostigamiento o violencia contra defensoras y defensores, entre marzo de 2020 y hasta el 23 de agosto de este a\u00f1o, enmarcados en la contingencia sanitaria.<\/p>\n\n\n\n<p>En un comunicado, expuso tambi\u00e9n que la justicia sigue pendiente en los casos del asesinado del ambientalista Eugui Roy Mart\u00ednez, ocurrido&nbsp; en mayo del a\u00f1o pasado, y el de Fidel Heras, defensor de tierra y territorio en Paso de la Reina, Santiago Jamiltepec, Oaxaca, ocurrido en enero de 2021.<\/p>\n\n\n\n<p>De igual forma, el homicidio del activista y dirigente regional del Frente Popular Revolucionario, Tom\u00e1s Mart\u00ednez Pinacho, perpetrado el 24 de agosto de 2020.<\/p>\n\n\n\n<p>Ante ello, el organismo aut\u00f3nomo hizo un llamado a las autoridades encargadas de la procuraci\u00f3n y administraci\u00f3n de justicia para esclarecer a la brevedad los casos.<\/p>\n\n\n\n<p>Pidi\u00f3 fortalecer las capacidades de respuesta institucional para la protecci\u00f3n de personas defensoras y activistas de derechos humanos, lo que implica generar condiciones para un ejercicio seguro de sus actividades y garantizar el derecho a la justicia para quienes han sido v\u00edctimas de agresiones.<\/p>\n\n\n\n<p>La DDHPO se pronunci\u00f3 por el respeto y reconocimiento al trabajo de las personas defensoras de derechos humanos, activistas, colectivas y l\u00edderes sociales, adem\u00e1s de alertar que, ante el contexto de pandemia por Covid-19, este sector ha estado doblemente expuesto a situaciones de riesgo.<\/p>\n\n\n\n<p>Lo anterior, mediante una investigaci\u00f3n exhaustiva, que incluya la posible relaci\u00f3n con su labor de defensa de los derechos humanos y permita llevar a los responsables ante la justicia.<\/p>\n\n\n\n<p>\u201cPara la DDHPO, el acceso a la justicia de las personas defensoras de derechos humanos y la de sus familias implica, adem\u00e1s de conocer la verdad de los hechos, la sanci\u00f3n a los responsables, la atenci\u00f3n a las v\u00edctimas directas e indirectas, as\u00ed como garant\u00edas de no repetici\u00f3n\u201d, dijo en su comunicado.<\/p>\n\n\n\n<p>Se\u00f1al\u00f3 que los activistas y defensores de derechos humanos son esenciales en la construcci\u00f3n de una sociedad m\u00e1s justa e igualitaria, pues dan voz a grupos hist\u00f3ricamente invisibilizados, adem\u00e1s de poner en la agenda p\u00fablica las desigualdades que afectan a la sociedad en su conjunto y con ello, dirigir o redirigir las pol\u00edticas p\u00fablicas para una atenci\u00f3n integral de la problem\u00e1tica,&nbsp; por ello, las agresiones en su contra afectan a toda la poblaci\u00f3n y dejan en la indefensi\u00f3n a las personas y\/o comunidades a las cuales acompa\u00f1an.<\/p>\n\n\n\n<p>La DDHPO reiter\u00f3 que respetar y garantizar la labor de quienes se dedican a defender derechos de tierra y territorio, comunitarios, as\u00ed como econ\u00f3micos, sociales, culturales y ambientales es prioritario, pues con sus acciones de defensa de tierras, aguas, bosques, se enfrentan a una situaci\u00f3n de riesgo agravado por los intereses pol\u00edticos y econ\u00f3micos que enfrentan, sobre todo, cuando se trata de la implementaci\u00f3n de proyectos de infraestructura y desarrollo a gran escala.<\/p>\n","protected":false},"excerpt":{"rendered":"<p>Redacci\u00f3n\/Zona Roja. Oaxaca de Ju\u00e1rez, Oax., 24 de agosto de 2021.- La Defensor\u00eda de los&hellip;<\/p>\n","protected":false},"author":2,"featured_media":25069,"comment_status":"closed","ping_status":"open","sticky":false,"template":"","format":"standard","meta":{"_lmt_disableupdate":"","_lmt_disable":"","_jetpack_memberships_contains_paid_content":false,"footnotes":""},"categories":[109,47],"tags":[286],"class_list":["post-31257","post","type-post","status-publish","format-standard","has-post-thumbnail","hentry","category-minuto-a-minuto","category-zona-gris","tag-defensoria-de-los-derechos-humanos-del-pueblo-de-oaxaca"],"jetpack_featured_media_url":"https:\/\/zonaroja.com.mx\/wp-content\/uploads\/2021\/03\/Fidel-Heras-Cruz.jpg","jetpack_sharing_enabled":true,"_links":{"self":[{"href":"https:\/\/zonaroja.com.mx\/index.php?rest_route=\/wp\/v2\/posts\/31257","targetHints":{"allow":["GET"]}}],"collection":[{"href":"https:\/\/zonaroja.com.mx\/index.php?rest_route=\/wp\/v2\/posts"}],"about":[{"href":"https:\/\/zonaroja.com.mx\/index.php?rest_route=\/wp\/v2\/types\/post"}],"author":[{"embeddable":true,"href":"https:\/\/zonaroja.com.mx\/index.php?rest_route=\/wp\/v2\/users\/2"}],"replies":[{"embeddable":true,"href":"https:\/\/zonaroja.com.mx\/index.php?rest_route=%2Fwp%2Fv2%2Fcomments&post=31257"}],"version-history":[{"count":1,"href":"https:\/\/zonaroja.com.mx\/index.php?rest_route=\/wp\/v2\/posts\/31257\/revisions"}],"predecessor-version":[{"id":31258,"href":"https:\/\/zonaroja.com.mx\/index.php?rest_route=\/wp\/v2\/posts\/31257\/revisions\/31258"}],"wp:featuredmedia":[{"embeddable":true,"href":"https:\/\/zonaroja.com.mx\/index.php?rest_route=\/wp\/v2\/media\/25069"}],"wp:attachment":[{"href":"https:\/\/zonaroja.com.mx\/index.php?rest_route=%2Fwp%2Fv2%2Fmedia&parent=31257"}],"wp:term":[{"taxonomy":"category","embeddable":true,"href":"https:\/\/zonaroja.com.mx\/index.php?rest_route=%2Fwp%2Fv2%2Fcategories&post=31257"},{"taxonomy":"post_tag","embeddable":true,"href":"https:\/\/zonaroja.com.mx\/index.php?rest_route=%2Fwp%2Fv2%2Ftags&post=31257"}],"curies":[{"name":"wp","href":"https:\/\/api.w.org\/{rel}","templated":true}]}}