{"id":31262,"date":"2021-08-24T14:16:07","date_gmt":"2021-08-24T19:16:07","guid":{"rendered":"https:\/\/www.zonaroja.com.mx\/?p=31262"},"modified":"2021-08-24T14:16:22","modified_gmt":"2021-08-24T19:16:22","slug":"piden-llamar-a-cuentas-a-diputada-local-por-violencia-en-eloxochitlan","status":"publish","type":"post","link":"https:\/\/zonaroja.com.mx\/?p=31262","title":{"rendered":"Piden llamar a cuentas a diputada local por violencia en Eloxochitl\u00e1n"},"content":{"rendered":"\n<p class=\"MsoNormal\">Evlin Arag\u00f3n\/Zona Roja.&nbsp;<\/p>\n\n\n\n<p class=\"MsoNormal\">Oaxaca de Ju\u00e1rez, Oax., 24 de agosto de 2021.- A un par de meses que pierda el fuero constitucional, la diputada Elisa Zepeda Lagunas, enfrenta graves acusaciones en su contra por parte de habitantes de Eloxochitl\u00e1n de Flores Mag\u00f3n, quienes piden que sea investigada y sancionada por su intervenci\u00f3n directa en la falta de acceso a la justicia por el conflicto suscitado en el 2014.&nbsp;<\/p>\n\n\n\n<p class=\"MsoNormal\">De manera reciente y a las puertas del Poder Judicial Federal, en la Ciudad de M\u00e9xico, las v\u00edctimas de la violencia en el municipio exigieron juicio para Manuel Zepeda Cort\u00e9s y Elisa Zepeda Lagunas a quienes acusan de amenazar, lesionar y torturar a integrantes de la Asamblea Comunitaria del municipio.&nbsp;<\/p>\n\n\n\n<p class=\"MsoNormal\">\u201cEs inconcebible que una persona con esos antecedentes sea la presidenta de la Comisi\u00f3n de Justicia del Congreso del Estado\u201d, refieren como parte de su protesta.&nbsp;&nbsp;<\/p>\n\n\n\n<p class=\"MsoNormal\">Con una serie de im\u00e1genes expuestas en una lona de gran proporci\u00f3n, recapitularon que la violencia en la zona se origin\u00f3 en 2011 cuando la familia Zepeda y su grupo armado agredi\u00f3, en por lo menos tres ocasiones, a habitantes del municipio.&nbsp;&nbsp;<\/p>\n\n\n\n<p class=\"MsoNormal\">La primera de las agresiones se registr\u00f3 en febrero, cuando emboscaron a quienes participaban en tequio comunitario; la segunda en marzo, cuando la Asamblea Comunitaria fue atacada a golpes; y la tercera en mayo, cuando fueron torturados Roberto Pineda, Genero G\u00f3mez y Daniel P\u00e9rez, hechos que fueron denunciados y desconocidos por las autoridades.&nbsp;&nbsp;<\/p>\n\n\n\n<p class=\"MsoNormal\">Posteriormente en el 2012, pobladores de Eloxochitl\u00e1n fueron v\u00edctimas de da\u00f1o a propiedad privada, lesiones, tortura, secuestro e intento de homicidio en perjuicio de Pedro Peralta y Jaime Betanzos Fuentes, quienes presentaron las denuncias ante la Fiscal\u00eda de Oaxaca, cuya autoridad se neg\u00f3 a librar orden de aprehensi\u00f3n en contra de la familia Zepeda, encabeza por Manuel Zepeda Cort\u00e9s, quien tambi\u00e9n se desempe\u00f1aba como autoridad municipal.&nbsp;<\/p>\n\n\n\n<p class=\"MsoNormal\">Finalmente, durante los meses de noviembre y diciembre del 2014 la violencia lleg\u00f3 a la detonaci\u00f3n de armas de fuego en contra de la poblaci\u00f3n, cuando la familia Zepeda, incluida la hoy diputada tom\u00f3 con violencia la presidencia municipal de la localidad, luego de hacerse p\u00fablico el desv\u00edo de m\u00e1s de 20 millones durante su gesti\u00f3n.&nbsp;&nbsp;<\/p>\n\n\n\n<p class=\"MsoNormal\">La acci\u00f3n violenta dej\u00f3 heridos de bala a David Bola\u00f1os, Rogelio L\u00f3pez y Germ\u00e1n Cabrera y Elpidio Casta\u00f1eda, quienes acusan de los hechos a Manuel Zepeda Cort\u00e9s y Elisa Zepeda Lagunas, para quienes piden c\u00e1rcel.&nbsp;&nbsp;<\/p>\n\n\n\n<p class=\"MsoNormal\">No se trata de la \u00fanica acusaci\u00f3n en contra de la actual diputada ya que, desde mayo pasado, mujeres mazatecas originarias de&nbsp;Eloxochitl\u00e1n&nbsp;de Flores Mag\u00f3n, iniciaron una huelga de hambre a las afueras del&nbsp;Consejo de la Judicatura Federal en la Ciudad de M\u00e9xico, para exigir la libertad de sus presos pol\u00edticos y el cese a la persecuci\u00f3n de las familias desplazadas. &nbsp;&nbsp;<\/p>\n\n\n\n<p class=\"MsoNormal\">Ah\u00ed solicitaron al Congreso local poner fin al conflicto de inter\u00e9s existente al ser Elisa Zepeda Lagunas la presidenta de la Comisi\u00f3n de Procuraci\u00f3n y Administraci\u00f3n de Justicia quien pone en el cargo a quien acusa y juzga a sus detenidos y presos pol\u00edticos.  <\/p>\n","protected":false},"excerpt":{"rendered":"<p>Evlin Arag\u00f3n\/Zona Roja.&nbsp; Oaxaca de Ju\u00e1rez, Oax., 24 de agosto de 2021.- A un par&hellip;<\/p>\n","protected":false},"author":2,"featured_media":27911,"comment_status":"closed","ping_status":"open","sticky":false,"template":"","format":"standard","meta":{"_lmt_disableupdate":"","_lmt_disable":"","_jetpack_memberships_contains_paid_content":false,"footnotes":""},"categories":[109,47],"tags":[],"class_list":["post-31262","post","type-post","status-publish","format-standard","has-post-thumbnail","hentry","category-minuto-a-minuto","category-zona-gris"],"jetpack_featured_media_url":"https:\/\/zonaroja.com.mx\/wp-content\/uploads\/2021\/05\/Eloxochitlan-de-Flores-Magon-huelga-Judicatura.jpg","jetpack_sharing_enabled":true,"_links":{"self":[{"href":"https:\/\/zonaroja.com.mx\/index.php?rest_route=\/wp\/v2\/posts\/31262","targetHints":{"allow":["GET"]}}],"collection":[{"href":"https:\/\/zonaroja.com.mx\/index.php?rest_route=\/wp\/v2\/posts"}],"about":[{"href":"https:\/\/zonaroja.com.mx\/index.php?rest_route=\/wp\/v2\/types\/post"}],"author":[{"embeddable":true,"href":"https:\/\/zonaroja.com.mx\/index.php?rest_route=\/wp\/v2\/users\/2"}],"replies":[{"embeddable":true,"href":"https:\/\/zonaroja.com.mx\/index.php?rest_route=%2Fwp%2Fv2%2Fcomments&post=31262"}],"version-history":[{"count":1,"href":"https:\/\/zonaroja.com.mx\/index.php?rest_route=\/wp\/v2\/posts\/31262\/revisions"}],"predecessor-version":[{"id":31263,"href":"https:\/\/zonaroja.com.mx\/index.php?rest_route=\/wp\/v2\/posts\/31262\/revisions\/31263"}],"wp:featuredmedia":[{"embeddable":true,"href":"https:\/\/zonaroja.com.mx\/index.php?rest_route=\/wp\/v2\/media\/27911"}],"wp:attachment":[{"href":"https:\/\/zonaroja.com.mx\/index.php?rest_route=%2Fwp%2Fv2%2Fmedia&parent=31262"}],"wp:term":[{"taxonomy":"category","embeddable":true,"href":"https:\/\/zonaroja.com.mx\/index.php?rest_route=%2Fwp%2Fv2%2Fcategories&post=31262"},{"taxonomy":"post_tag","embeddable":true,"href":"https:\/\/zonaroja.com.mx\/index.php?rest_route=%2Fwp%2Fv2%2Ftags&post=31262"}],"curies":[{"name":"wp","href":"https:\/\/api.w.org\/{rel}","templated":true}]}}