{"id":31265,"date":"2021-08-24T17:02:51","date_gmt":"2021-08-24T22:02:51","guid":{"rendered":"https:\/\/www.zonaroja.com.mx\/?p=31265"},"modified":"2021-08-24T19:02:23","modified_gmt":"2021-08-25T00:02:23","slug":"colonos-exigen-a-edil-de-oaxaca-reordenamiento-del-ambulantaje-y-seguridad","status":"publish","type":"post","link":"https:\/\/zonaroja.com.mx\/?p=31265","title":{"rendered":"Colonos exigen a edil de Oaxaca reordenamiento del ambulantaje y seguridad"},"content":{"rendered":"\n<p class=\"MsoNormal\">Evlin Arag\u00f3n\/Zona Roja.&nbsp;<\/p>\n\n\n\n<p class=\"MsoNormal\">Oaxaca de Ju\u00e1rez, Oax., 24 de agosto de 2021.-&nbsp;Representantes de los Comit\u00e9s de Vida Vecinal (Comvive) de las colonias Cosijoeza, Jos\u00e9 Manuel D\u00edaz Ordaz, Xochimilco y Art\u00edculo 123, se manifestaron&nbsp;este martes&nbsp;en inmediaciones de la Plaza de la Danza y del ayuntamiento de Oaxaca de Ju\u00e1rez para exigir el reordenamiento del ambulantaje, seguridad y transito libre en la capital del estado.&nbsp;&nbsp;<\/p>\n\n\n\n<p class=\"MsoNormal\">De manera conjunta, pidieron al edil Oswaldo Garc\u00eda Jarqu\u00edn atenci\u00f3n urgente al grave problema que representa en este momento la venta informal en la v\u00eda p\u00fablica, debido a la permisividad y corrupci\u00f3n que se ha registrado en los a\u00f1os recientes en el ayuntamiento.&nbsp;&nbsp;<\/p>\n\n\n\n<p class=\"MsoNormal\">\u201cExigimos a las autoridades competentes que den soluci\u00f3n al problema de invasi\u00f3n de calles por puestos fijos y semifijos en la ciudad de Oaxaca de Ju\u00e1rez. No a la venta de la v\u00eda p\u00fablica\u201d, refirieron como parte de su protesta.&nbsp;&nbsp;<\/p>\n\n\n\n<p class=\"MsoNormal\">En este mismo sentido, indicaron que actualmente la capital oaxaque\u00f1a padece una grave crisis, ello pese a ser Patrimonio Cultural de la Humanidad, lo cual \u00fanicamente demuestra el poco amor que las autoridades le tienen y lo poco que se esmeran para su conservaci\u00f3n.&nbsp;&nbsp;<\/p>\n\n\n\n<p class=\"MsoNormal\">Explicaron que los reglamentos vigentes y la propia Constituci\u00f3n local proh\u00edben la venta en la v\u00eda p\u00fablica en el primer cuadro del Centro Hist\u00f3rico, adem\u00e1s que la normatividad refiere la necesaria autorizaci\u00f3n de las y los vecinos de la zona para poderse llevar a cabo cualquier actividad comercial, por lo que pidieron aplicarla en tiempo y forma.&nbsp;&nbsp;<\/p>\n\n\n\n<p class=\"MsoNormal\">\u201cExigimos a la autoridad municipal se respete y se cumpla con el Reglamento para el Control de Actividades Comerciales y de Servicios en la V\u00eda P\u00fablica del municipio de Oaxaca de Ju\u00e1rez. Cumplimiento a los art\u00edculos 12, 42, 43 y 44 en la zona del Hospital del IMSS y calles aleda\u00f1as\u201d, indicaron en sus pancartas.&nbsp;&nbsp;<\/p>\n\n\n\n<p class=\"MsoNormal\">Aclararon que no est\u00e1n en contra de las personas que no tienen un trabajo asalariado que realizan su actividad en espacios o v\u00eda p\u00fablica, sin embargo, lo anterior debe de hacerse con apego a la legalidad por parte de la autoridades y comerciantes.&nbsp;&nbsp;<\/p>\n\n\n\n<p class=\"MsoNormal\">Por ello, manifestaron que de no contar con la atenci\u00f3n puntual por parte de las autoridades remover\u00e1n con mano propia los puestos instalados en las calles de la ciudad, en donde aseguran tienen derecho al libre tr\u00e1nsito.&nbsp;&nbsp;<\/p>\n\n\n\n<p class=\"MsoNormal\">Finalmente, exigieron al edil mayor seguridad en la zona toda vez que en los \u00faltimos meses han aumentado los registros de hechos delincuenciales; adem\u00e1s de mejoras en las vialidades de la ciudad y atenci\u00f3n al tema de la recolecci\u00f3n de residuos s\u00f3lidos ya que de no atenderse se convertir\u00e1 en un problema de salud p\u00fablica.   <\/p>\n","protected":false},"excerpt":{"rendered":"<p>Evlin Arag\u00f3n\/Zona Roja.&nbsp; Oaxaca de Ju\u00e1rez, Oax., 24 de agosto de 2021.-&nbsp;Representantes de los Comit\u00e9s&hellip;<\/p>\n","protected":false},"author":2,"featured_media":31270,"comment_status":"closed","ping_status":"open","sticky":false,"template":"","format":"standard","meta":{"_lmt_disableupdate":"","_lmt_disable":"","_jetpack_memberships_contains_paid_content":false,"footnotes":""},"categories":[109,47],"tags":[],"class_list":["post-31265","post","type-post","status-publish","format-standard","has-post-thumbnail","hentry","category-minuto-a-minuto","category-zona-gris"],"jetpack_featured_media_url":"https:\/\/zonaroja.com.mx\/wp-content\/uploads\/2021\/08\/Protesta-colonos-Oaxaca-de-Juarez.jpg","jetpack_sharing_enabled":true,"_links":{"self":[{"href":"https:\/\/zonaroja.com.mx\/index.php?rest_route=\/wp\/v2\/posts\/31265","targetHints":{"allow":["GET"]}}],"collection":[{"href":"https:\/\/zonaroja.com.mx\/index.php?rest_route=\/wp\/v2\/posts"}],"about":[{"href":"https:\/\/zonaroja.com.mx\/index.php?rest_route=\/wp\/v2\/types\/post"}],"author":[{"embeddable":true,"href":"https:\/\/zonaroja.com.mx\/index.php?rest_route=\/wp\/v2\/users\/2"}],"replies":[{"embeddable":true,"href":"https:\/\/zonaroja.com.mx\/index.php?rest_route=%2Fwp%2Fv2%2Fcomments&post=31265"}],"version-history":[{"count":1,"href":"https:\/\/zonaroja.com.mx\/index.php?rest_route=\/wp\/v2\/posts\/31265\/revisions"}],"predecessor-version":[{"id":31266,"href":"https:\/\/zonaroja.com.mx\/index.php?rest_route=\/wp\/v2\/posts\/31265\/revisions\/31266"}],"wp:featuredmedia":[{"embeddable":true,"href":"https:\/\/zonaroja.com.mx\/index.php?rest_route=\/wp\/v2\/media\/31270"}],"wp:attachment":[{"href":"https:\/\/zonaroja.com.mx\/index.php?rest_route=%2Fwp%2Fv2%2Fmedia&parent=31265"}],"wp:term":[{"taxonomy":"category","embeddable":true,"href":"https:\/\/zonaroja.com.mx\/index.php?rest_route=%2Fwp%2Fv2%2Fcategories&post=31265"},{"taxonomy":"post_tag","embeddable":true,"href":"https:\/\/zonaroja.com.mx\/index.php?rest_route=%2Fwp%2Fv2%2Ftags&post=31265"}],"curies":[{"name":"wp","href":"https:\/\/api.w.org\/{rel}","templated":true}]}}