{"id":3127,"date":"2019-08-16T07:40:10","date_gmt":"2019-08-16T12:40:10","guid":{"rendered":"http:\/\/www.zonaroja.com.mx\/?p=3127"},"modified":"2019-08-16T07:40:12","modified_gmt":"2019-08-16T12:40:12","slug":"entre-impunidad-y-demandas-de-justicia-reciben-a-amlo-en-huautla","status":"publish","type":"post","link":"https:\/\/zonaroja.com.mx\/?p=3127","title":{"rendered":"Entre impunidad y demandas de justicia reciben a AMLO en Huautla"},"content":{"rendered":"\n<p>Redacci\u00f3n\/Zona\nRoja.<\/p>\n\n\n\n<p>Oaxaca de\nJu\u00e1rez, Oax., 16 de agosto de 2019.- Entre reclamos de impunidad en materia de\nprocuraci\u00f3n de justicia, inseguridad y una ola de violencia, Huautla de Jim\u00e9nez\nrecibe la tarde de hoy al Presidente de M\u00e9xico, Andr\u00e9s Manuel L\u00f3pez Obrador,\nquien estar\u00e1 tambi\u00e9n ma\u00f1ana y domingo en Oaxaca.<\/p>\n\n\n\n<p>Apenas el\nmi\u00e9rcoles, mientras el edil \u00d3scar Peralta Allende se encontraba en la ciudad de\nOaxaca, habitantes de ese municipio de la regi\u00f3n Ca\u00f1ada del estado marcharon\npor las calles para exigir justicia, presentaci\u00f3n de personas desaparecidas y\ncastigo a responsables de asesinatos.<\/p>\n\n\n\n<p>En los\n\u00faltimos ocho meses, seg\u00fan denunciaron, han ocurrido al menos siete cr\u00edmenes y\ncasos de desapariciones.<\/p>\n\n\n\n<p>Uno de\nellos, seg\u00fan relat\u00f3 Vicente Cerqueda, es el de su hermano Juan Cerqueda, quien\ndesapareci\u00f3 el pasado 15 de junio y a la fecha no hay ning\u00fan avance en las\ninvestigaciones por parte de la Fiscal\u00eda General del Estado de Oaxaca.<\/p>\n\n\n\n<p>Entre otros\ncasos, se encuentra impune el asesinato del m\u00e9dico veterinario Jorge Alberto\nCerqueda y su hijo de 24 a\u00f1os de edad cuando se encontraban en un\nestablecimiento ubicado a unos metros del centro.<\/p>\n\n\n\n<p>El 5 de\ndiciembre de 2018 se report\u00f3 la desaparici\u00f3n del joven Fausto R\u00edos; el 2 de\nmarzo de este a\u00f1o desapareci\u00f3 Fernando Orea; hecho similar el de Juventino\nMart\u00ednez, ocurrido el pasado 24 de junio.<\/p>\n\n\n\n<p>El 19 de\njulio desapareci\u00f3 el taxista David Ju\u00e1rez cuando le solicitaron un viaje a\nMazatl\u00e1n Villa de Flores, y el 31 de julio los hermanos Iv\u00e1n y Efr\u00e9n Mart\u00ednez\nfueron \u201clevantados\u201d presuntamente por hombres armados a las afueras de su\ndomicilio.<\/p>\n\n\n\n<p>Andr\u00e9s\nManuel L\u00f3pez Obrador visitar\u00e1 la cl\u00ednica del IMSS en Huautla de Jim\u00e9nez y los\nfamiliares de las v\u00edctimas han pedido poder hablar con el Presidente de M\u00e9xico\npara exponerle la situaci\u00f3n.<\/p>\n\n\n\n<p>El\nmandatario mexicano estar\u00e1 el s\u00e1bado en San Ildefonso Villa Alta y el domingo\nen Miahuatl\u00e1n de Porfirio D\u00edaz y Tlacolula de Matamoros.<\/p>\n","protected":false},"excerpt":{"rendered":"<p>Redacci\u00f3n\/Zona Roja. Oaxaca de Ju\u00e1rez, Oax., 16 de agosto de 2019.- Entre reclamos de impunidad&hellip;<\/p>\n","protected":false},"author":2,"featured_media":3128,"comment_status":"closed","ping_status":"open","sticky":false,"template":"","format":"standard","meta":{"_lmt_disableupdate":"","_lmt_disable":"","_jetpack_memberships_contains_paid_content":false,"footnotes":""},"categories":[109,51],"tags":[143,203],"class_list":["post-3127","post","type-post","status-publish","format-standard","has-post-thumbnail","hentry","category-minuto-a-minuto","category-zona-roja","tag-andres-manuel-lopez-obrador","tag-huautla-de-jimenez"],"jetpack_featured_media_url":"https:\/\/zonaroja.com.mx\/wp-content\/uploads\/2019\/08\/IMG_8957-1.jpg","jetpack_sharing_enabled":true,"_links":{"self":[{"href":"https:\/\/zonaroja.com.mx\/index.php?rest_route=\/wp\/v2\/posts\/3127","targetHints":{"allow":["GET"]}}],"collection":[{"href":"https:\/\/zonaroja.com.mx\/index.php?rest_route=\/wp\/v2\/posts"}],"about":[{"href":"https:\/\/zonaroja.com.mx\/index.php?rest_route=\/wp\/v2\/types\/post"}],"author":[{"embeddable":true,"href":"https:\/\/zonaroja.com.mx\/index.php?rest_route=\/wp\/v2\/users\/2"}],"replies":[{"embeddable":true,"href":"https:\/\/zonaroja.com.mx\/index.php?rest_route=%2Fwp%2Fv2%2Fcomments&post=3127"}],"version-history":[{"count":1,"href":"https:\/\/zonaroja.com.mx\/index.php?rest_route=\/wp\/v2\/posts\/3127\/revisions"}],"predecessor-version":[{"id":3129,"href":"https:\/\/zonaroja.com.mx\/index.php?rest_route=\/wp\/v2\/posts\/3127\/revisions\/3129"}],"wp:featuredmedia":[{"embeddable":true,"href":"https:\/\/zonaroja.com.mx\/index.php?rest_route=\/wp\/v2\/media\/3128"}],"wp:attachment":[{"href":"https:\/\/zonaroja.com.mx\/index.php?rest_route=%2Fwp%2Fv2%2Fmedia&parent=3127"}],"wp:term":[{"taxonomy":"category","embeddable":true,"href":"https:\/\/zonaroja.com.mx\/index.php?rest_route=%2Fwp%2Fv2%2Fcategories&post=3127"},{"taxonomy":"post_tag","embeddable":true,"href":"https:\/\/zonaroja.com.mx\/index.php?rest_route=%2Fwp%2Fv2%2Ftags&post=3127"}],"curies":[{"name":"wp","href":"https:\/\/api.w.org\/{rel}","templated":true}]}}