{"id":31271,"date":"2021-08-24T19:53:58","date_gmt":"2021-08-25T00:53:58","guid":{"rendered":"http:\/\/www.zonaroja.com.mx\/?p=31271"},"modified":"2021-08-24T19:54:02","modified_gmt":"2021-08-25T00:54:02","slug":"asegura-ieepo-que-2086-escuelas-publicas-y-447-privadas-regresan-a-aulas","status":"publish","type":"post","link":"https:\/\/zonaroja.com.mx\/?p=31271","title":{"rendered":"Asegura IEEPO que 2,086 escuelas p\u00fablicas y 447 privadas regresan a aulas"},"content":{"rendered":"\n<p>Redacci\u00f3n\/Estado 20.<\/p>\n\n\n\n<p>Oaxaca de Ju\u00e1rez, Oax., 24 de agosto de 2021.- El pr\u00f3ximo 30 de agosto regresar\u00e1n a clases presenciales el 15 por ciento de las escuelas p\u00fablicas, un total de dos mil 86, y el 85 por ciento de las escuelas privadas, que ascienden a 447, inform\u00f3 el director general del Instituto Estatal de Educaci\u00f3n P\u00fablica de Oaxaca (IEEPO), Francisco \u00c1ngel Villarreal.<\/p>\n\n\n\n<p>Al inicio del ciclo escolar 2021-2022, dijo, el regreso de los alumnos ser\u00e1 gradual. Se plane\u00f3 que las clases sean semipresenciales: unos d\u00edas acudir\u00e1n a la escuela y otros ser\u00e1 a distancia a trav\u00e9s de instrumentos digitales.<\/p>\n\n\n\n<figure class=\"wp-block-embed-twitter wp-block-embed is-type-rich is-provider-twitter\"><div class=\"wp-block-embed__wrapper\">\n<div class=\"twitter-tweet\"><blockquote class=\"twitter-tweet\" data-lang=\"es\"><p lang=\"es\" dir=\"ltr\"><a href=\"https:\/\/twitter.com\/hashtag\/%C3%9AltimoMinuto?src=hash&amp;ref_src=twsrc%5Etfw\">#\u00daltimoMinuto<\/a> <br>El titular del <a href=\"https:\/\/twitter.com\/IEEPOGobOax?ref_src=twsrc%5Etfw\">@IEEPOGobOax<\/a>, <a href=\"https:\/\/twitter.com\/VillarrealPaco?ref_src=twsrc%5Etfw\">@VillarrealPaco<\/a>, comparece este d\u00eda ante el <a href=\"https:\/\/twitter.com\/CongresoOaxLXIV?ref_src=twsrc%5Etfw\">@CongresoOaxLXIV<\/a>. <br>Hasta el momento sin contratiempos y sin protestas. <br>Reitera las medidas para el regreso a clases en el pr\u00f3ximo ciclo escolar. <br><br>Aqu\u00ed el enlace: <a href=\"https:\/\/t.co\/gW3ks5u8fA\">https:\/\/t.co\/gW3ks5u8fA<\/a> <a href=\"https:\/\/t.co\/NT9sIRTXWd\">pic.twitter.com\/NT9sIRTXWd<\/a><\/p>&mdash; Zona Roja Oaxaca (@Zona_Roja_Oax) <a href=\"https:\/\/twitter.com\/Zona_Roja_Oax\/status\/1430209749820260359?ref_src=twsrc%5Etfw\">24 de agosto de 2021<\/a><\/blockquote><\/div>\n<\/div><\/figure>\n\n\n\n<p>En el marco de su comparecencia ante la 64 Legislatura del Congreso de Oaxaca, el funcionario afirm\u00f3 que tanto las autoridades educativas, como los docentes y padres de familia, asumir\u00e1n la responsabilidad de respetar el protocolo sanitario para el regreso a clases presenciales y evitar el brote de contagios de Covi-19 en las escuelas.<\/p>\n\n\n\n<p>\u201cSeg\u00fan lo defina la comunidad, tienen tareas en sus casas, las resuelven y las env\u00edan. En Oaxaca ya todos somos maestros, las madres y padres de familia le dan seguimiento, los pap\u00e1s y las mam\u00e1s le hemos tenido que entrar al quite.<\/p>\n\n\n\n<p>\u201cLa educaci\u00f3n depende de todos, no es echarle culpas ni abstenerse de responsabilidades; entre todos nos tenemos que poner de acuerdo: qui\u00e9n pone si falta el agua, jab\u00f3n, qui\u00e9n limpia la escuela. Tenemos que entrar en un trabajo en equipo, no de se\u00f1alamientos, para que podamos trabajar donde la comunidad est\u00e9 de acuerdo\u201d, dijo.<\/p>\n\n\n\n<figure class=\"wp-block-embed-twitter wp-block-embed is-type-rich is-provider-twitter\"><div class=\"wp-block-embed__wrapper\">\n<div class=\"twitter-tweet\"><blockquote class=\"twitter-tweet\" data-lang=\"es\"><p lang=\"es\" dir=\"ltr\">\u201cEn el Instituto (<a href=\"https:\/\/twitter.com\/IEEPOGobOax?ref_src=twsrc%5Etfw\">@IEEPOGobOax<\/a>) la imagen era mala, ahora no tiene nada de malo que sea buena. Antes est\u00e1bamos peleados con el magisterio, hoy dialogamos\u201d.<br>As\u00ed respondi\u00f3 <a href=\"https:\/\/twitter.com\/VillarrealPaco?ref_src=twsrc%5Etfw\">@VillarrealPaco<\/a> a cuestionamientos de legisladora <a href=\"https:\/\/twitter.com\/Arce_Loha?ref_src=twsrc%5Etfw\">@Arce_Loha<\/a> sobre difusi\u00f3n y giras del funcionario. <a href=\"https:\/\/t.co\/bJExbdYPAp\">pic.twitter.com\/bJExbdYPAp<\/a><\/p>&mdash; Zona Roja Oaxaca (@Zona_Roja_Oax) <a href=\"https:\/\/twitter.com\/Zona_Roja_Oax\/status\/1430240060893503492?ref_src=twsrc%5Etfw\">24 de agosto de 2021<\/a><\/blockquote><\/div>\n<\/div><\/figure>\n\n\n\n<p>\u00c1ngel Villarreal asegur\u00f3 que en materia de servicios educativos, la pandemia hizo que se cambiaran las formas de educar y las maneras de aprender, sin embargo, se emitieron el 100 por ciento de las boletas para 862 mil 147 estudiantes de educaci\u00f3n b\u00e1sica y se han entregado el 91% de certificados, correspondientes al ciclo escolar 2020-2021.<\/p>\n\n\n\n<p>Y detall\u00f3 que se continua con la entrega de est\u00edmulos REDES-SEP a tres mil 18 maestras y maestros de mil 541 escuelas ubicadas en municipios catalogados como marginadas y que han apoyado en este tiempo de pandemia a 45 mil 270 estudiantes. Estos est\u00edmulos suman un monto total de 52 millones de pesos.<\/p>\n","protected":false},"excerpt":{"rendered":"<p>Redacci\u00f3n\/Estado 20. Oaxaca de Ju\u00e1rez, Oax., 24 de agosto de 2021.- El pr\u00f3ximo 30 de&hellip;<\/p>\n","protected":false},"author":2,"featured_media":31272,"comment_status":"closed","ping_status":"open","sticky":false,"template":"","format":"standard","meta":{"_lmt_disableupdate":"","_lmt_disable":"","_jetpack_memberships_contains_paid_content":false,"footnotes":""},"categories":[109,46],"tags":[2837],"class_list":["post-31271","post","type-post","status-publish","format-standard","has-post-thumbnail","hentry","category-minuto-a-minuto","category-zona-blanca","tag-instituto-estatal-de-educacion-publica-de-oaxaca-ieepo"],"jetpack_featured_media_url":"https:\/\/zonaroja.com.mx\/wp-content\/uploads\/2021\/08\/05-IEEPO-1.jpg","jetpack_sharing_enabled":true,"_links":{"self":[{"href":"https:\/\/zonaroja.com.mx\/index.php?rest_route=\/wp\/v2\/posts\/31271","targetHints":{"allow":["GET"]}}],"collection":[{"href":"https:\/\/zonaroja.com.mx\/index.php?rest_route=\/wp\/v2\/posts"}],"about":[{"href":"https:\/\/zonaroja.com.mx\/index.php?rest_route=\/wp\/v2\/types\/post"}],"author":[{"embeddable":true,"href":"https:\/\/zonaroja.com.mx\/index.php?rest_route=\/wp\/v2\/users\/2"}],"replies":[{"embeddable":true,"href":"https:\/\/zonaroja.com.mx\/index.php?rest_route=%2Fwp%2Fv2%2Fcomments&post=31271"}],"version-history":[{"count":1,"href":"https:\/\/zonaroja.com.mx\/index.php?rest_route=\/wp\/v2\/posts\/31271\/revisions"}],"predecessor-version":[{"id":31273,"href":"https:\/\/zonaroja.com.mx\/index.php?rest_route=\/wp\/v2\/posts\/31271\/revisions\/31273"}],"wp:featuredmedia":[{"embeddable":true,"href":"https:\/\/zonaroja.com.mx\/index.php?rest_route=\/wp\/v2\/media\/31272"}],"wp:attachment":[{"href":"https:\/\/zonaroja.com.mx\/index.php?rest_route=%2Fwp%2Fv2%2Fmedia&parent=31271"}],"wp:term":[{"taxonomy":"category","embeddable":true,"href":"https:\/\/zonaroja.com.mx\/index.php?rest_route=%2Fwp%2Fv2%2Fcategories&post=31271"},{"taxonomy":"post_tag","embeddable":true,"href":"https:\/\/zonaroja.com.mx\/index.php?rest_route=%2Fwp%2Fv2%2Ftags&post=31271"}],"curies":[{"name":"wp","href":"https:\/\/api.w.org\/{rel}","templated":true}]}}