{"id":31277,"date":"2021-08-24T21:38:10","date_gmt":"2021-08-25T02:38:10","guid":{"rendered":"http:\/\/www.zonaroja.com.mx\/?p=31277"},"modified":"2021-08-24T21:38:13","modified_gmt":"2021-08-25T02:38:13","slug":"colapsa-salud-en-zona-mixe-por-falta-de-atencion-e-insumos-ucizoni","status":"publish","type":"post","link":"https:\/\/zonaroja.com.mx\/?p=31277","title":{"rendered":"Colapsa salud en zona Mixe por falta de atenci\u00f3n e insumos: UCIZONI"},"content":{"rendered":"\n<p>Redacci\u00f3n\/Zona Roja.<\/p>\n\n\n\n<p>Oaxaca de Ju\u00e1rez, Oax., 24 de octubre de 2021.- La Uni\u00f3n de Comunidades Ind\u00edgenas de la Zona Norte del Istmo (UCIZONI) denunci\u00f3 que por falta de insumos, equipos y medicamentos, la salud de la poblaci\u00f3n en diversas localidades est\u00e1 en severo riesgo.<\/p>\n\n\n\n<p>A trav\u00e9s de un comunicado, se\u00f1al\u00f3 que cientos de personas contagiadas por Covid-19 no cuentan con la m\u00e1s m\u00ednima atenci\u00f3n m\u00e9dica ni acceso a medicamentos.&nbsp;<\/p>\n\n\n\n<p>Puso como ejemplo el hospital del IMSS n\u00famero 37, ubicado en Mat\u00edas Romero, que s\u00f3lo tiene cinco camas, todas ellas ocupadas, y no cuenta con medicamentos para atender la enfermedad; los pacientes son rechazados y en ocasiones sin siquiera de surtirles Paraceramol.<\/p>\n\n\n\n<p>Agreg\u00f3 que en San Juan Mazatl\u00e1n Mixe, los vecinos denuncia que el personal se niega atender a los enfermos.<\/p>\n\n\n\n<p>Por su parte vecinos mazatecos de Mar\u00eda Lombardo Oaxaca denuncian que el hospital que depende de la Secretar\u00eda de Salud est\u00e1 cerrado, y son cientos de Ind\u00edgenas contagiados en toda la regi\u00f3n.<\/p>\n\n\n\n<p>Mientras que las autoridades municipales de san Juan Jaltepec Yaveo, urgen brigadas m\u00e9dicas para atender la emergencia; lo mismo ocurre en San Mateo del Mar, la zona oriente de los chimalapas y la comunidad mixe de Buenavista Guichicovi donde se reportan por lo menos 60 personas contagiadas.<\/p>\n\n\n\n<p>Por ello, la UCIZONI hizo un llamado urgente a los directivos del IMSS, de los Servicios de Salud y al Gobernador del Estado, para que atiendan de manera \u00e1gil esta emergencia.&nbsp;<\/p>\n\n\n\n<p>\u201cCon declaraciones u ocultando la realidad no se podr\u00e1 combatir con eficacia la pandemia que ya ha cobrado decenas de v\u00edctimas mortales en la regi\u00f3n istme\u00f1a\u201d, puntualiz\u00f3.<\/p>\n","protected":false},"excerpt":{"rendered":"<p>Redacci\u00f3n\/Zona Roja. Oaxaca de Ju\u00e1rez, Oax., 24 de octubre de 2021.- La Uni\u00f3n de Comunidades&hellip;<\/p>\n","protected":false},"author":2,"featured_media":29763,"comment_status":"closed","ping_status":"open","sticky":false,"template":"","format":"standard","meta":{"_lmt_disableupdate":"","_lmt_disable":"","_jetpack_memberships_contains_paid_content":false,"footnotes":""},"categories":[109,47],"tags":[1005],"class_list":["post-31277","post","type-post","status-publish","format-standard","has-post-thumbnail","hentry","category-minuto-a-minuto","category-zona-gris","tag-servicios-de-salud-de-oaxaca-sso"],"jetpack_featured_media_url":"https:\/\/zonaroja.com.mx\/wp-content\/uploads\/2021\/07\/Servicios-de-Salud-Oaxaca.jpg","jetpack_sharing_enabled":true,"_links":{"self":[{"href":"https:\/\/zonaroja.com.mx\/index.php?rest_route=\/wp\/v2\/posts\/31277","targetHints":{"allow":["GET"]}}],"collection":[{"href":"https:\/\/zonaroja.com.mx\/index.php?rest_route=\/wp\/v2\/posts"}],"about":[{"href":"https:\/\/zonaroja.com.mx\/index.php?rest_route=\/wp\/v2\/types\/post"}],"author":[{"embeddable":true,"href":"https:\/\/zonaroja.com.mx\/index.php?rest_route=\/wp\/v2\/users\/2"}],"replies":[{"embeddable":true,"href":"https:\/\/zonaroja.com.mx\/index.php?rest_route=%2Fwp%2Fv2%2Fcomments&post=31277"}],"version-history":[{"count":1,"href":"https:\/\/zonaroja.com.mx\/index.php?rest_route=\/wp\/v2\/posts\/31277\/revisions"}],"predecessor-version":[{"id":31278,"href":"https:\/\/zonaroja.com.mx\/index.php?rest_route=\/wp\/v2\/posts\/31277\/revisions\/31278"}],"wp:featuredmedia":[{"embeddable":true,"href":"https:\/\/zonaroja.com.mx\/index.php?rest_route=\/wp\/v2\/media\/29763"}],"wp:attachment":[{"href":"https:\/\/zonaroja.com.mx\/index.php?rest_route=%2Fwp%2Fv2%2Fmedia&parent=31277"}],"wp:term":[{"taxonomy":"category","embeddable":true,"href":"https:\/\/zonaroja.com.mx\/index.php?rest_route=%2Fwp%2Fv2%2Fcategories&post=31277"},{"taxonomy":"post_tag","embeddable":true,"href":"https:\/\/zonaroja.com.mx\/index.php?rest_route=%2Fwp%2Fv2%2Ftags&post=31277"}],"curies":[{"name":"wp","href":"https:\/\/api.w.org\/{rel}","templated":true}]}}