{"id":31285,"date":"2021-08-24T22:12:10","date_gmt":"2021-08-25T03:12:10","guid":{"rendered":"http:\/\/www.zonaroja.com.mx\/?p=31285"},"modified":"2021-08-24T22:12:14","modified_gmt":"2021-08-25T03:12:14","slug":"alertan-sobre-probable-ciclon-en-litoral-de-oaxaca","status":"publish","type":"post","link":"https:\/\/zonaroja.com.mx\/?p=31285","title":{"rendered":"Alertan sobre probable cicl\u00f3n en litoral de Oaxaca"},"content":{"rendered":"\n<p>Redacci\u00f3n\/Zona Roja.<\/p>\n\n\n\n<p>Oaxaca de Ju\u00e1rez, Oax., 24 de agosto de 2021. La Coordinaci\u00f3n Estatal de Protecci\u00f3n Civil de Oaxaca (CEPCO) informa que se genera una zona de baja presi\u00f3n con 90 por ciento de probabilidad para desarrollo cicl\u00f3nico en 48 horas; a las 19:00 horas de este martes se localiz\u00f3 a 330 kil\u00f3metros al sur-sureste de Puerto Escondido, Oaxaca.<\/p>\n\n\n\n<p>Se desplaza hacia al oeste-noroeste paralelo a la Costa, entre 16 a 24 kil\u00f3metros por hora (km\/h), con vientos m\u00e1ximos sostenidos de 30 km\/h y rachas de 45 km\/h.<\/p>\n\n\n\n<p>La Coordinaci\u00f3n Estatal de Protecci\u00f3n Civil mantendr\u00e1 una estrecha vigilancia a su desarrollo, ya que junto con la cercan\u00eda de las ondas tropicales 23 y 24 y otra de baja presi\u00f3n en el Caribe, podr\u00eda formarse un \u201cgiro centroamericano\u201d y posiblemente emerger dos ciclones tropicales, uno en cada oc\u00e9ano.<\/p>\n\n\n\n<p>La Coordinaci\u00f3n Estatal de Protecci\u00f3n Civil de Oaxaca recomienda a la poblaci\u00f3n tomar sus precauciones, debido a la presencia de lluvias fuertes a intensas, oleaje elevado en la l\u00ednea de Costa, rachas de viento y actividad el\u00e9ctrica. As\u00ed como incremento en r\u00edos y arroyos de respuesta r\u00e1pida, deslizamiento de laderas y posibles inundaciones repentinas.<\/p>\n","protected":false},"excerpt":{"rendered":"<p>Redacci\u00f3n\/Zona Roja. Oaxaca de Ju\u00e1rez, Oax., 24 de agosto de 2021. La Coordinaci\u00f3n Estatal de&hellip;<\/p>\n","protected":false},"author":2,"featured_media":13433,"comment_status":"closed","ping_status":"open","sticky":false,"template":"","format":"standard","meta":{"_lmt_disableupdate":"","_lmt_disable":"","_jetpack_memberships_contains_paid_content":false,"footnotes":""},"categories":[109,47],"tags":[],"class_list":["post-31285","post","type-post","status-publish","format-standard","has-post-thumbnail","hentry","category-minuto-a-minuto","category-zona-gris"],"jetpack_featured_media_url":"https:\/\/zonaroja.com.mx\/wp-content\/uploads\/2020\/06\/Lluvias-fuertes.jpg","jetpack_sharing_enabled":true,"_links":{"self":[{"href":"https:\/\/zonaroja.com.mx\/index.php?rest_route=\/wp\/v2\/posts\/31285","targetHints":{"allow":["GET"]}}],"collection":[{"href":"https:\/\/zonaroja.com.mx\/index.php?rest_route=\/wp\/v2\/posts"}],"about":[{"href":"https:\/\/zonaroja.com.mx\/index.php?rest_route=\/wp\/v2\/types\/post"}],"author":[{"embeddable":true,"href":"https:\/\/zonaroja.com.mx\/index.php?rest_route=\/wp\/v2\/users\/2"}],"replies":[{"embeddable":true,"href":"https:\/\/zonaroja.com.mx\/index.php?rest_route=%2Fwp%2Fv2%2Fcomments&post=31285"}],"version-history":[{"count":1,"href":"https:\/\/zonaroja.com.mx\/index.php?rest_route=\/wp\/v2\/posts\/31285\/revisions"}],"predecessor-version":[{"id":31287,"href":"https:\/\/zonaroja.com.mx\/index.php?rest_route=\/wp\/v2\/posts\/31285\/revisions\/31287"}],"wp:featuredmedia":[{"embeddable":true,"href":"https:\/\/zonaroja.com.mx\/index.php?rest_route=\/wp\/v2\/media\/13433"}],"wp:attachment":[{"href":"https:\/\/zonaroja.com.mx\/index.php?rest_route=%2Fwp%2Fv2%2Fmedia&parent=31285"}],"wp:term":[{"taxonomy":"category","embeddable":true,"href":"https:\/\/zonaroja.com.mx\/index.php?rest_route=%2Fwp%2Fv2%2Fcategories&post=31285"},{"taxonomy":"post_tag","embeddable":true,"href":"https:\/\/zonaroja.com.mx\/index.php?rest_route=%2Fwp%2Fv2%2Ftags&post=31285"}],"curies":[{"name":"wp","href":"https:\/\/api.w.org\/{rel}","templated":true}]}}