{"id":31288,"date":"2021-08-24T22:29:58","date_gmt":"2021-08-25T03:29:58","guid":{"rendered":"http:\/\/www.zonaroja.com.mx\/?p=31288"},"modified":"2021-08-24T22:30:04","modified_gmt":"2021-08-25T03:30:04","slug":"dan-ultimo-adios-a-elemento-de-pabic-que-enfrento-a-delincuentes","status":"publish","type":"post","link":"https:\/\/zonaroja.com.mx\/?p=31288","title":{"rendered":"Dan \u00faltimo adi\u00f3s a elemento de PABIC que enfrent\u00f3 a delincuentes"},"content":{"rendered":"\n<p>Redacci\u00f3n\/Zona Roja.<\/p>\n\n\n\n<p>Oaxaca de Ju\u00e1rez, Oax., 24 de agosto de 2021.- Este martes. la tierra abri\u00f3 sus brazos para recibir al h\u00e9roe de sangre azul que el domingo por la noche perdi\u00f3 la vida, cuando por lo menos tres sujetos desconocidos intentaron asaltar la gasolinera \u201cVainilla\u201d, ubicada en la comunidad de Santa Mar\u00eda Tonameca.<\/p>\n\n\n\n<p>La misma que por m\u00e1s de dos a\u00f1os hab\u00eda resguardado como elemento, ejemplar y comprometido, de la Polic\u00eda Auxiliar Bancaria, Industrial y Comercial (PABIC).<\/p>\n\n\n\n<p>Miguel Pinacho Cort\u00e9s se encontraba el 22 de agosto, en la que consideraba su segundo hogar, pues dec\u00eda a sus compa\u00f1eros de corporaci\u00f3n que, gracias a este trabajo honesto, pod\u00eda construir un patrimonio para su familia y brindar educaci\u00f3n a sus hijos.<\/p>\n\n\n\n<p>A sus 40 a\u00f1os, a\u00fan ten\u00eda sue\u00f1os, sin embargo, estos fueron sesgados por manos asesinas que en su conciencia cargar\u00e1n la muerte de un hombre honorable que entreg\u00f3 16 a\u00f1os de existencia para proteger la vida y el patrimonio de muchas y muchos oaxaque\u00f1os.<\/p>\n\n\n\n<p>La carretera federal n\u00famero 200 en Mazunte, Santa Mar\u00eda Tonameca, fue testigo mudo de estos hechos, y la patrulla que durante tanto tiempo lo traslad\u00f3 a sus servicios se convirti\u00f3 en la unidad que lo llev\u00f3 a su \u00faltima morada.<\/p>\n\n\n\n<p>Este martes, sus compa\u00f1eros de la de la regi\u00f3n hicieron un homenaje para despedirlo en el pante\u00f3n municipal del Barrio El Alacr\u00e1n, en Candelaria Loxicha, de donde era originario, ah\u00ed hicieron el \u00faltimo pase de lista y le montaron una guardia de honor. Hasta siempre Miguel Pinacho Cort\u00e9s.<\/p>\n","protected":false},"excerpt":{"rendered":"<p>Redacci\u00f3n\/Zona Roja. Oaxaca de Ju\u00e1rez, Oax., 24 de agosto de 2021.- Este martes. la tierra&hellip;<\/p>\n","protected":false},"author":2,"featured_media":31289,"comment_status":"closed","ping_status":"open","sticky":false,"template":"","format":"standard","meta":{"_lmt_disableupdate":"","_lmt_disable":"","_jetpack_memberships_contains_paid_content":false,"footnotes":""},"categories":[109,47],"tags":[934],"class_list":["post-31288","post","type-post","status-publish","format-standard","has-post-thumbnail","hentry","category-minuto-a-minuto","category-zona-gris","tag-policia-auxiliar-bancaria-pabic"],"jetpack_featured_media_url":"https:\/\/zonaroja.com.mx\/wp-content\/uploads\/2021\/08\/Sepelio-PABIC.jpg","jetpack_sharing_enabled":true,"_links":{"self":[{"href":"https:\/\/zonaroja.com.mx\/index.php?rest_route=\/wp\/v2\/posts\/31288","targetHints":{"allow":["GET"]}}],"collection":[{"href":"https:\/\/zonaroja.com.mx\/index.php?rest_route=\/wp\/v2\/posts"}],"about":[{"href":"https:\/\/zonaroja.com.mx\/index.php?rest_route=\/wp\/v2\/types\/post"}],"author":[{"embeddable":true,"href":"https:\/\/zonaroja.com.mx\/index.php?rest_route=\/wp\/v2\/users\/2"}],"replies":[{"embeddable":true,"href":"https:\/\/zonaroja.com.mx\/index.php?rest_route=%2Fwp%2Fv2%2Fcomments&post=31288"}],"version-history":[{"count":1,"href":"https:\/\/zonaroja.com.mx\/index.php?rest_route=\/wp\/v2\/posts\/31288\/revisions"}],"predecessor-version":[{"id":31290,"href":"https:\/\/zonaroja.com.mx\/index.php?rest_route=\/wp\/v2\/posts\/31288\/revisions\/31290"}],"wp:featuredmedia":[{"embeddable":true,"href":"https:\/\/zonaroja.com.mx\/index.php?rest_route=\/wp\/v2\/media\/31289"}],"wp:attachment":[{"href":"https:\/\/zonaroja.com.mx\/index.php?rest_route=%2Fwp%2Fv2%2Fmedia&parent=31288"}],"wp:term":[{"taxonomy":"category","embeddable":true,"href":"https:\/\/zonaroja.com.mx\/index.php?rest_route=%2Fwp%2Fv2%2Fcategories&post=31288"},{"taxonomy":"post_tag","embeddable":true,"href":"https:\/\/zonaroja.com.mx\/index.php?rest_route=%2Fwp%2Fv2%2Ftags&post=31288"}],"curies":[{"name":"wp","href":"https:\/\/api.w.org\/{rel}","templated":true}]}}