{"id":31291,"date":"2021-08-24T22:46:05","date_gmt":"2021-08-25T03:46:05","guid":{"rendered":"http:\/\/www.zonaroja.com.mx\/?p=31291"},"modified":"2021-08-24T22:46:08","modified_gmt":"2021-08-25T03:46:08","slug":"registra-oaxaca-este-martes-dos-homicidios-y-un-ataque-armado","status":"publish","type":"post","link":"https:\/\/zonaroja.com.mx\/?p=31291","title":{"rendered":"Registra Oaxaca este martes dos homicidios y un ataque armado"},"content":{"rendered":"\n<p>Redacci\u00f3n\/Zona Roja.<\/p>\n\n\n\n<p>Oaxaca de Ju\u00e1rez, Oax., 24 de agosto de 2021.- Dos personas fueron asesinadas este martes en la regi\u00f3n del Istmo de Tehuantepec, mientras que en la Sierra Sur se registr\u00f3 un atentado armado fallido.<\/p>\n\n\n\n<p>Esta noche en camino a la agencia municipal Bah\u00eda la Ventosa, de Salina Cruz, fue localizado el cuerpo de un individuo, presuntamente con impactos de arma de fuego; hasta el momento no se han proporcionado detalles y solamente se inform\u00f3 que se trata de un taxista.<\/p>\n\n\n\n<p>En Mat\u00edas Romero, esta tarde fue ultimado un individuo en el interior de un domicilio particular, ubicado en la calle Nicol\u00e1s Bravo de la colonia L\u00e1zaro C\u00e1rdenas.<\/p>\n\n\n\n<p>La v\u00edctima fue identificada de manera preliminar como Rigoberto B. N., de 20 a\u00f1os de edad.<\/p>\n\n\n\n<p>En Putla Villa de Guerrero, en la regi\u00f3n Sierra Sur, sujetos a bordo de una motocicleta pretendieron, en la calle Sonora, ultimar a un individuo, pero \u00e9ste logr\u00f3 repeler la agresi\u00f3n, por lo que pudo evadir a los delincuentes.<\/p>\n","protected":false},"excerpt":{"rendered":"<p>Redacci\u00f3n\/Zona Roja. Oaxaca de Ju\u00e1rez, Oax., 24 de agosto de 2021.- Dos personas fueron asesinadas&hellip;<\/p>\n","protected":false},"author":2,"featured_media":30407,"comment_status":"closed","ping_status":"open","sticky":false,"template":"","format":"standard","meta":{"_lmt_disableupdate":"","_lmt_disable":"","_jetpack_memberships_contains_paid_content":false,"footnotes":""},"categories":[109,51],"tags":[228],"class_list":["post-31291","post","type-post","status-publish","format-standard","has-post-thumbnail","hentry","category-minuto-a-minuto","category-zona-roja","tag-matias-romero-avendano"],"jetpack_featured_media_url":"https:\/\/zonaroja.com.mx\/wp-content\/uploads\/2021\/08\/Escena-del-crimen-homicidio-violencia.jpg","jetpack_sharing_enabled":true,"_links":{"self":[{"href":"https:\/\/zonaroja.com.mx\/index.php?rest_route=\/wp\/v2\/posts\/31291","targetHints":{"allow":["GET"]}}],"collection":[{"href":"https:\/\/zonaroja.com.mx\/index.php?rest_route=\/wp\/v2\/posts"}],"about":[{"href":"https:\/\/zonaroja.com.mx\/index.php?rest_route=\/wp\/v2\/types\/post"}],"author":[{"embeddable":true,"href":"https:\/\/zonaroja.com.mx\/index.php?rest_route=\/wp\/v2\/users\/2"}],"replies":[{"embeddable":true,"href":"https:\/\/zonaroja.com.mx\/index.php?rest_route=%2Fwp%2Fv2%2Fcomments&post=31291"}],"version-history":[{"count":1,"href":"https:\/\/zonaroja.com.mx\/index.php?rest_route=\/wp\/v2\/posts\/31291\/revisions"}],"predecessor-version":[{"id":31292,"href":"https:\/\/zonaroja.com.mx\/index.php?rest_route=\/wp\/v2\/posts\/31291\/revisions\/31292"}],"wp:featuredmedia":[{"embeddable":true,"href":"https:\/\/zonaroja.com.mx\/index.php?rest_route=\/wp\/v2\/media\/30407"}],"wp:attachment":[{"href":"https:\/\/zonaroja.com.mx\/index.php?rest_route=%2Fwp%2Fv2%2Fmedia&parent=31291"}],"wp:term":[{"taxonomy":"category","embeddable":true,"href":"https:\/\/zonaroja.com.mx\/index.php?rest_route=%2Fwp%2Fv2%2Fcategories&post=31291"},{"taxonomy":"post_tag","embeddable":true,"href":"https:\/\/zonaroja.com.mx\/index.php?rest_route=%2Fwp%2Fv2%2Ftags&post=31291"}],"curies":[{"name":"wp","href":"https:\/\/api.w.org\/{rel}","templated":true}]}}