{"id":3130,"date":"2019-08-16T07:51:19","date_gmt":"2019-08-16T12:51:19","guid":{"rendered":"http:\/\/www.zonaroja.com.mx\/?p=3130"},"modified":"2019-08-16T07:52:33","modified_gmt":"2019-08-16T12:52:33","slug":"libran-orden-de-aprehension-contra-dirigente-sindical-de-salud-y-seis-mas","status":"publish","type":"post","link":"https:\/\/zonaroja.com.mx\/?p=3130","title":{"rendered":"Libran orden de aprehensi\u00f3n contra dirigente sindical de Salud y seis m\u00e1s"},"content":{"rendered":"\n<p>Ismael\nGarc\u00eda M.\/Zona Roja.<\/p>\n\n\n\n<p>Oaxaca de\nJu\u00e1rez, Oax., 16 de agosto de 2019.- Al igual que lo hizo con el dirigente del\nSTEUABJO, Fernando Cruz L\u00f3pez, la Fiscal\u00eda General del Estado solicit\u00f3 al Poder\nJudicial de Oaxaca la liberaci\u00f3n de \u00f3rdenes de aprehensi\u00f3n en contra de siete\ntrabajadores de los Servicios de Salud de Oaxaca, entre ellos el dirigente\nGenaro Villalobos.<\/p>\n\n\n\n<p>La\norganizaci\u00f3n social Corriente del Pueblo \u201cSol Rojo\u201d denunci\u00f3 que ambas\ninstancias \u201chan urdido un nuevo y perverso plan para criminalizar y encarcelar\na la dirigencia de la Secci\u00f3n 9 del Sindicato Independiente Nacional de\nTrabajadores de Salud y parte de la direcci\u00f3n del gremio\u201d.<\/p>\n\n\n\n<p>Entre los se\u00f1alados, adem\u00e1s del representante sindical, se encuentran Mar\u00eda de los \u00c1ngeles Ayora Arroyo, Patricia M\u00e1rquez Rodr\u00edguez, Juana Cort\u00e9s Pati\u00f1o, Magdalena Garc\u00eda, Sonia Mart\u00ednez Juan y Adriana V\u00e1squez Acevedo.<\/p>\n\n\n\n<figure class=\"wp-block-embed-twitter wp-block-embed is-type-rich is-provider-twitter\"><div class=\"wp-block-embed__wrapper\">\n<div class=\"twitter-tweet\"><blockquote class=\"twitter-tweet\" data-lang=\"es\"><p lang=\"es\" dir=\"ltr\"><a href=\"https:\/\/twitter.com\/hashtag\/AlertaUrgenteOaxaca?src=hash&amp;ref_src=twsrc%5Etfw\">#AlertaUrgenteOaxaca<\/a><br>Riesgo de detenci\u00f3n ilegal de integrantes de Sol Rojo <a href=\"https:\/\/twitter.com\/GobOax?ref_src=twsrc%5Etfw\">@GobOax<\/a> <a href=\"https:\/\/twitter.com\/SEGEGO_GobOax?ref_src=twsrc%5Etfw\">@SEGEGO_GobOax<\/a> <a href=\"https:\/\/twitter.com\/alejandromurat?ref_src=twsrc%5Etfw\">@alejandromurat<\/a> <a href=\"https:\/\/twitter.com\/DDHPO?ref_src=twsrc%5Etfw\">@DDHPO<\/a> <a href=\"https:\/\/twitter.com\/SSP_GobOax?ref_src=twsrc%5Etfw\">@SSP_GobOax<\/a> <a href=\"https:\/\/twitter.com\/A_Encinas_R?ref_src=twsrc%5Etfw\">@A_Encinas_R<\/a> <a href=\"https:\/\/twitter.com\/M_OlgaSCordero?ref_src=twsrc%5Etfw\">@M_OlgaSCordero<\/a> <a href=\"https:\/\/twitter.com\/GobiernoMX?ref_src=twsrc%5Etfw\">@GobiernoMX<\/a>  <a href=\"https:\/\/twitter.com\/SEGOB_mx?ref_src=twsrc%5Etfw\">@SEGOB_mx<\/a> <a href=\"https:\/\/twitter.com\/CNDH?ref_src=twsrc%5Etfw\">@CNDH<\/a> <a href=\"https:\/\/twitter.com\/FGRMexico?ref_src=twsrc%5Etfw\">@FGRMexico<\/a> <a href=\"https:\/\/twitter.com\/ONUDHmexico?ref_src=twsrc%5Etfw\">@ONUDHmexico<\/a> <a href=\"https:\/\/twitter.com\/lopezobrador_?ref_src=twsrc%5Etfw\">@lopezobrador_<\/a> <a href=\"https:\/\/twitter.com\/FrontLineHRD?ref_src=twsrc%5Etfw\">@FrontLineHRD<\/a> <a href=\"https:\/\/twitter.com\/FLDAmericas?ref_src=twsrc%5Etfw\">@FLDAmericas<\/a> <a href=\"https:\/\/twitter.com\/omctorg?ref_src=twsrc%5Etfw\">@omctorg<\/a> <a href=\"https:\/\/twitter.com\/OBS_defenders?ref_src=twsrc%5Etfw\">@OBS_defenders<\/a> <a href=\"https:\/\/t.co\/36DXXYP0wB\">pic.twitter.com\/36DXXYP0wB<\/a><\/p>&mdash; Consorcio Oaxaca (@consorciooaxaca) <a href=\"https:\/\/twitter.com\/consorciooaxaca\/status\/1162134442510446592?ref_src=twsrc%5Etfw\">15 de agosto de 2019<\/a><\/blockquote><\/div>\n<\/div><\/figure>\n\n\n\n<p>Ante ello, la\nma\u00f1ana de hoy realizar\u00e1n una protesta en la sede del Tribunal Superior de\nJusticia, ubicado en Ciudad Judicial, en la localidad de Reyes Mantec\u00f3n, San\nBartolo Coyotepec.<\/p>\n\n\n\n<p>En un\ncomunicado, \u201cSol Rojo\u201d inform\u00f3 que derivado del paro de labores que dur\u00f3 m\u00e1s de\n25 d\u00edas en el Sector Salud, donde el gremio demandaba la reinstalaci\u00f3n de los\nm\u00e1s de 170 despedidos, \u201cel Gobierno de Oaxaca ha puesto en marcha el aparato\nrepresivo del viejo estado, consiguiendo que se liberen 7 \u00f3rdenes de\naprehensi\u00f3n contra el mismo n\u00famero de compa\u00f1eros sindicalistas\u201d, uno de ellos,\nintegrante de la direcci\u00f3n de la organizaci\u00f3n.<\/p>\n\n\n\n<p>La mayor\u00eda\nde ellos pertenece a la Secci\u00f3n 9 del Sindicato Independiente Nacional de\nTrabajadores de Salud, afiliada al Frente Unificador de Sindicatos\nIndependientes Oaxaque\u00f1os y Nacionales (FUSION) y tambi\u00e9n a la Nueva Central de\nTrabajadores (NCT).<\/p>\n\n\n\n<p>\u201cAnte la\nclaridad ideol\u00f3gica-pol\u00edtica de nuestros camaradas sindicalistas y la\ncombatividad de la base trabajadora, no nos sorprende la actitud del viejo Estado,\ntampoco que se liberen estas y otras \u00f3rdenes de aprehensi\u00f3n contra nuestra\nmilitancia y nuestros dirigentes. \u00a1Son parte de los costos que plantea la lucha\nde clases!<\/p>\n\n\n\n<p>\u201cPero ante\nla represi\u00f3n del viejo estado, seguiremos recurriendo a la movilizaci\u00f3n\nen\u00e9rgica y combativa de las masas populares. Nuestra organizaci\u00f3n se declara en\nalerta general ante cualquier agresi\u00f3n del r\u00e9gimen y sus lacayos; nuestros\ncontingentes en el campo y la ciudad est\u00e1n listos para responder\u201d, manifest\u00f3.<\/p>\n","protected":false},"excerpt":{"rendered":"<p>Ismael Garc\u00eda M.\/Zona Roja. Oaxaca de Ju\u00e1rez, Oax., 16 de agosto de 2019.- Al igual&hellip;<\/p>\n","protected":false},"author":2,"featured_media":3131,"comment_status":"closed","ping_status":"open","sticky":false,"template":"","format":"standard","meta":{"_lmt_disableupdate":"","_lmt_disable":"","_jetpack_memberships_contains_paid_content":false,"footnotes":""},"categories":[109,47],"tags":[323],"class_list":["post-3130","post","type-post","status-publish","format-standard","has-post-thumbnail","hentry","category-minuto-a-minuto","category-zona-gris","tag-corriente-del-pueblo-sol-rojo"],"jetpack_featured_media_url":"https:\/\/zonaroja.com.mx\/wp-content\/uploads\/2019\/08\/Sol-Rojo.jpg","jetpack_sharing_enabled":true,"_links":{"self":[{"href":"https:\/\/zonaroja.com.mx\/index.php?rest_route=\/wp\/v2\/posts\/3130","targetHints":{"allow":["GET"]}}],"collection":[{"href":"https:\/\/zonaroja.com.mx\/index.php?rest_route=\/wp\/v2\/posts"}],"about":[{"href":"https:\/\/zonaroja.com.mx\/index.php?rest_route=\/wp\/v2\/types\/post"}],"author":[{"embeddable":true,"href":"https:\/\/zonaroja.com.mx\/index.php?rest_route=\/wp\/v2\/users\/2"}],"replies":[{"embeddable":true,"href":"https:\/\/zonaroja.com.mx\/index.php?rest_route=%2Fwp%2Fv2%2Fcomments&post=3130"}],"version-history":[{"count":2,"href":"https:\/\/zonaroja.com.mx\/index.php?rest_route=\/wp\/v2\/posts\/3130\/revisions"}],"predecessor-version":[{"id":3133,"href":"https:\/\/zonaroja.com.mx\/index.php?rest_route=\/wp\/v2\/posts\/3130\/revisions\/3133"}],"wp:featuredmedia":[{"embeddable":true,"href":"https:\/\/zonaroja.com.mx\/index.php?rest_route=\/wp\/v2\/media\/3131"}],"wp:attachment":[{"href":"https:\/\/zonaroja.com.mx\/index.php?rest_route=%2Fwp%2Fv2%2Fmedia&parent=3130"}],"wp:term":[{"taxonomy":"category","embeddable":true,"href":"https:\/\/zonaroja.com.mx\/index.php?rest_route=%2Fwp%2Fv2%2Fcategories&post=3130"},{"taxonomy":"post_tag","embeddable":true,"href":"https:\/\/zonaroja.com.mx\/index.php?rest_route=%2Fwp%2Fv2%2Ftags&post=3130"}],"curies":[{"name":"wp","href":"https:\/\/api.w.org\/{rel}","templated":true}]}}