{"id":31307,"date":"2021-08-25T16:51:47","date_gmt":"2021-08-25T21:51:47","guid":{"rendered":"https:\/\/www.zonaroja.com.mx\/?p=31307"},"modified":"2021-08-25T16:53:59","modified_gmt":"2021-08-25T21:53:59","slug":"31307","status":"publish","type":"post","link":"https:\/\/zonaroja.com.mx\/?p=31307","title":{"rendered":"Arranca S-22 ciclo escolar en l\u00ednea; su encuesta rechaza regreso a las aulas\u00a0"},"content":{"rendered":"\n<p class=\"MsoNormal\">Evlin Arag\u00f3n\/Zona Roja.&nbsp;<\/p>\n\n\n\n<p class=\"MsoNormal\">Oaxaca de Ju\u00e1rez, Oax., 25 de agosto de 2021.- Integrantes de la dirigencia de la Secci\u00f3n 22, adherida a la Coordinadora Nacional de Trabajadores de la Educaci\u00f3n (CNTE), realizaron&nbsp;este mi\u00e9rcoles&nbsp;la declaratoria de apertura del ciclo escolar 2021-2022, el cual se llevar\u00e1 a cabo en la modalidad virtual, ante la continuidad de la pandemia y la falta de condiciones para regresar a las aulas.&nbsp;<\/p>\n\n\n\n<p class=\"MsoNormal\">Eloy L\u00f3pez Hern\u00e1ndez, secretario general de la gremial, asegur\u00f3 que durante todo el a\u00f1o de contingencia sanitaria han trabajado en una propuesta alternativa para cumplir con su obligaci\u00f3n de brindar una educaci\u00f3n de calidad a las ni\u00f1as y ni\u00f1os oaxaque\u00f1os, ello sin descuidar su derecho a la salud.&nbsp;&nbsp;<\/p>\n\n\n\n<p class=\"MsoNormal\">En conferencia virtual, detall\u00f3 que la Secci\u00f3n 22 est\u00e1 comprometida con el regreso seguro a las aulas, por lo que mantendr\u00e1n la exigencia a las autoridades municipales, estatales y federales para que doten de materiales de limpieza y sanitizaci\u00f3n e intervengan los centros escolares para hacer realidad la educaci\u00f3n presencial nuevamente.&nbsp;<\/p>\n\n\n\n<p class=\"MsoNormal\">\u201cAsumimos con toda responsabilidad la salud de todo el sector educativo. No vamos a exponer nuestra salud, la de ni\u00f1as, ni\u00f1os, madres y padres de familia\u201d, asegur\u00f3 el l\u00edder.&nbsp;&nbsp;<\/p>\n\n\n\n<p class=\"MsoNormal\">Explic\u00f3 que las cifras de los contagios por Covid-19 siguen siendo altas en la entidad de Oaxaca, prueba de ello comunidades de la Sierra Mixe, Costa e Istmo han optado por mantenerse en sem\u00e1foro color rojo e incrementar sus medidas sanitarias y de cuidado.&nbsp;<\/p>\n\n\n\n<p class=\"MsoNormal\">De ah\u00ed que, en coordinaci\u00f3n con madres, padres de familia y tutores, se determin\u00f3 el inicio de clases en su modalidad virtual, tal y como lo refiere la encuesta nacional realizada por la CNTE, que avala el cuidado de la salud, pese a la insistencia de la Secretar\u00eda de Educaci\u00f3n P\u00fablica (SEP) de regresar a las aulas.&nbsp;&nbsp;<\/p>\n\n\n\n<p class=\"MsoNormal\">ENCUESTA PROPIA&nbsp;<\/p>\n\n\n\n<p class=\"MsoNormal\">Y es que, de acuerdo con lo expuesto por la gremial, el 81 por ciento de las y los participantes dijo no estar de acuerdo en que inicie el ciclo escolar 2021-2022 con clases presenciales; solo el 13.8 por ciento dije que s\u00ed; y 4.5 por ciento dijo que no sab\u00eda.&nbsp;&nbsp;<\/p>\n\n\n\n<p class=\"MsoNormal\">El 90.3 por ciento consider\u00f3 que el regreso a las aulas representa un riesgo de contagio, dado que la poblaci\u00f3n estudiantil, menor de 18 a\u00f1os, no cuenta con la vacuna; as\u00ed mismo el 90.5 por ciento considera que la variante DELTA aumenta el riesgo de adquirir el virus SARS-CoV2.&nbsp;<\/p>\n\n\n\n<p class=\"MsoNormal\">La encuesta tambi\u00e9n evidenci\u00f3 que 51.4 por ciento de las escuelas no cuentan con todos los materiales de sanitizaci\u00f3n, personal para la higiene permanente y la infraestructura adecuada para el regreso a clases presenciales anunciado para&nbsp;este lunes 30 de agosto.&nbsp;&nbsp;<\/p>\n\n\n\n<p class=\"MsoNormal\">Finalmente, y ante la pol\u00e9mica que se desat\u00f3 por la firma de una carta compromiso, el 84.4 por ciento dijo no estar dispuesto a asumir la responsabilidad de contagio al momento de mandar a sus hijas e hijos a clases presenciales.&nbsp;&nbsp;<\/p>\n\n\n\n<p class=\"MsoNormal\">La CNTE indic\u00f3 que en el proceso de consulta tuvo una participaci\u00f3n de 60 mil 026 personas y se llev\u00f3 a cabo del 16 al 21 de agosto en todas las entidades de la Rep\u00fablica.  <\/p>\n","protected":false},"excerpt":{"rendered":"<p>Evlin Arag\u00f3n\/Zona Roja.&nbsp; Oaxaca de Ju\u00e1rez, Oax., 25 de agosto de 2021.- Integrantes de la&hellip;<\/p>\n","protected":false},"author":2,"featured_media":31306,"comment_status":"closed","ping_status":"open","sticky":false,"template":"","format":"standard","meta":{"_lmt_disableupdate":"","_lmt_disable":"","_jetpack_memberships_contains_paid_content":false,"footnotes":""},"categories":[109,47],"tags":[],"class_list":["post-31307","post","type-post","status-publish","format-standard","has-post-thumbnail","hentry","category-minuto-a-minuto","category-zona-gris"],"jetpack_featured_media_url":"https:\/\/zonaroja.com.mx\/wp-content\/uploads\/2021\/08\/img_0867.jpg","jetpack_sharing_enabled":true,"_links":{"self":[{"href":"https:\/\/zonaroja.com.mx\/index.php?rest_route=\/wp\/v2\/posts\/31307","targetHints":{"allow":["GET"]}}],"collection":[{"href":"https:\/\/zonaroja.com.mx\/index.php?rest_route=\/wp\/v2\/posts"}],"about":[{"href":"https:\/\/zonaroja.com.mx\/index.php?rest_route=\/wp\/v2\/types\/post"}],"author":[{"embeddable":true,"href":"https:\/\/zonaroja.com.mx\/index.php?rest_route=\/wp\/v2\/users\/2"}],"replies":[{"embeddable":true,"href":"https:\/\/zonaroja.com.mx\/index.php?rest_route=%2Fwp%2Fv2%2Fcomments&post=31307"}],"version-history":[{"count":2,"href":"https:\/\/zonaroja.com.mx\/index.php?rest_route=\/wp\/v2\/posts\/31307\/revisions"}],"predecessor-version":[{"id":31309,"href":"https:\/\/zonaroja.com.mx\/index.php?rest_route=\/wp\/v2\/posts\/31307\/revisions\/31309"}],"wp:featuredmedia":[{"embeddable":true,"href":"https:\/\/zonaroja.com.mx\/index.php?rest_route=\/wp\/v2\/media\/31306"}],"wp:attachment":[{"href":"https:\/\/zonaroja.com.mx\/index.php?rest_route=%2Fwp%2Fv2%2Fmedia&parent=31307"}],"wp:term":[{"taxonomy":"category","embeddable":true,"href":"https:\/\/zonaroja.com.mx\/index.php?rest_route=%2Fwp%2Fv2%2Fcategories&post=31307"},{"taxonomy":"post_tag","embeddable":true,"href":"https:\/\/zonaroja.com.mx\/index.php?rest_route=%2Fwp%2Fv2%2Ftags&post=31307"}],"curies":[{"name":"wp","href":"https:\/\/api.w.org\/{rel}","templated":true}]}}