{"id":31323,"date":"2021-08-25T22:27:28","date_gmt":"2021-08-26T03:27:28","guid":{"rendered":"http:\/\/www.zonaroja.com.mx\/?p=31323"},"modified":"2021-08-26T05:46:17","modified_gmt":"2021-08-26T10:46:17","slug":"record-sobre-record-del-covid-en-oaxaca-791-contagiados-y-33-muertes","status":"publish","type":"post","link":"https:\/\/zonaroja.com.mx\/?p=31323","title":{"rendered":"R\u00e9cord sobre r\u00e9cord del Covid en Oaxaca: 791 contagiados y 33 muertes"},"content":{"rendered":"\n<p>Redacci\u00f3n\/Zona Roja.<\/p>\n\n\n\n<p>Oaxaca de Ju\u00e1rez, Oax., 25 de agosto de 2021.- La tercera ola de la pandemia por Covid-19 en la entidad no cede, pues al corte de este mi\u00e9rcoles los Servicios de Salud de Oaxaca (SSO), han registrado un aumento de nuevos casos, al pasar en una semana de 749 registros -el pasado 18 de agosto- a 791 este d\u00eda, lo que representa un aumento del 5.6%, y lamentablemente 33 decesos.<\/p>\n\n\n\n<p>A la fecha, el impacto del virus SARS-CoV-2 en Oaxaca es de 64 mil 850 casos acumulados de la enfermedad, as\u00ed como cuatro mil 487 defunciones y 58 mil 065 personas recuperadas de este padecimiento viral.<\/p>\n\n\n\n<p>Se han contabilizado dos mil 298 personas que cursan con esta patolog\u00eda en fase activa en 194 municipios y que pueden contagiar a m\u00e1s personas, ante ello, es fundamental continuar con las medidas sanitarias como el uso correcto del cubrebocas, aplicar la sana distancia de 1.5 metros entre personas, lavarse las manos con agua y jab\u00f3n, o ponerse alcohol con gel al 70%, evitar los lugares cerrados con poca ventilaci\u00f3n y si es posible quedarse en casa.<\/p>\n\n\n\n<p>La Jurisdicci\u00f3n Sanitaria de Valles Centrales contabiliza 39 mil 648 casos confirmados y dos mil 056 defunciones; Istmo de Tehuantepec ocho mil 324 confirmados y 942 decesos; Tuxtepec 4 mil 601 confirmados y 412 fallecimientos; Costa 4 mil 886 confirmados y 384 p\u00e9rdidas de vidas humanas; Mixteca 5 mil 224 confirmados y 451 muertes; Sierra dos mil 167 confirmados y 242 v\u00edctimas mortales.<\/p>\n\n\n\n<figure class=\"wp-block-embed-twitter wp-block-embed is-type-rich is-provider-twitter\"><div class=\"wp-block-embed__wrapper\">\n<div class=\"twitter-tweet\"><blockquote class=\"twitter-tweet\" data-lang=\"es\"><p lang=\"es\" dir=\"ltr\"><a href=\"https:\/\/twitter.com\/hashtag\/%C3%9AltimoMinuto?src=hash&amp;ref_src=twsrc%5Etfw\">#\u00daltimoMinuto<\/a><br>De nuevo Covid al extremo en <a href=\"https:\/\/twitter.com\/hashtag\/Oaxaca?src=hash&amp;ref_src=twsrc%5Etfw\">#Oaxaca<\/a>: los Servicios de Salud reportan este mi\u00e9rcoles 791 casos positivos, para un total de 64 mil 850 confirmados.<br>Y 33 decesos, para un acumulado de 4 mil 487 fallecimientos.<br>18 hospitales saturados; ocupaci\u00f3n hospitalaria de 71.7%. <a href=\"https:\/\/t.co\/Mg7iYjLsPH\">pic.twitter.com\/Mg7iYjLsPH<\/a><\/p>&mdash; Zona Roja Oaxaca (@Zona_Roja_Oax) <a href=\"https:\/\/twitter.com\/Zona_Roja_Oax\/status\/1430708303701676040?ref_src=twsrc%5Etfw\">26 de agosto de 2021<\/a><\/blockquote><\/div>\n<\/div><\/figure>\n\n\n\n<p>En este d\u00eda los 791 casos nuevos de Covid-19 afectan a 113 municipios, siendo los que m\u00e1s casos registran: Oaxaca de Ju\u00e1rez con 146, seguido de Santa Cruz Xoxocotl\u00e1n con 54, Ciudad Ixtepec 40, San Juan Bautista Tuxtepec\u00a0 35, Heroica Ciudad de Juchit\u00e1n de Zaragoza 28, Santa Luc\u00eda del Camino 24, El Barrio de la Soledad 23, Santa Mar\u00eda Huatulco 20, Asunci\u00f3n Ixtaltepec 18, Magdalena Tequisistl\u00e1n y Soledad Etla 16 cada uno.<\/p>\n\n\n\n<p>De las cuatro mil 487 defunciones registradas este mi\u00e9rcoles, dos mil 875 han sido hombres y mil 612 mujeres. Los grupos de edad m\u00e1s afectados son los de 65 y m\u00e1s con dos mil 86; 50 a 59 a\u00f1os con 966; 60 a 64 con 636; de 25 a 44 a\u00f1os con 445; las comorbilidades asociadas son la hipertensi\u00f3n arterial, diabetes, obesidad e insuficiencia renal.<\/p>\n\n\n\n<p>En relaci\u00f3n a la ocupaci\u00f3n hospitalaria, destaca la Jurisdicci\u00f3n Sanitaria de Valles Centrales con 87.1%, seguido de la Mixteca con 83.3%, Tuxtepec con el 70.7%, Istmo 52.8%, Costa 49.2% y Sierra 0%; lo que eleva a 71.7% la saturaci\u00f3n global de la red m\u00e9dica debido a que hay 18 hospitales al 100% de ocupaci\u00f3n, adem\u00e1s de 11 nuevos hospitalizados, 349 camas est\u00e1n ocupadas de un total de 487.<\/p>\n\n\n\n<p>(Comunicado)<\/p>\n","protected":false},"excerpt":{"rendered":"<p>Redacci\u00f3n\/Zona Roja. Oaxaca de Ju\u00e1rez, Oax., 25 de agosto de 2021.- La tercera ola de&hellip;<\/p>\n","protected":false},"author":2,"featured_media":31324,"comment_status":"closed","ping_status":"open","sticky":false,"template":"","format":"standard","meta":{"_lmt_disableupdate":"","_lmt_disable":"","_jetpack_memberships_contains_paid_content":false,"footnotes":""},"categories":[109,47],"tags":[1512],"class_list":["post-31323","post","type-post","status-publish","format-standard","has-post-thumbnail","hentry","category-minuto-a-minuto","category-zona-gris","tag-coronavirus-oaxaca"],"jetpack_featured_media_url":"https:\/\/zonaroja.com.mx\/wp-content\/uploads\/2021\/08\/SSO-4-1.jpg","jetpack_sharing_enabled":true,"_links":{"self":[{"href":"https:\/\/zonaroja.com.mx\/index.php?rest_route=\/wp\/v2\/posts\/31323","targetHints":{"allow":["GET"]}}],"collection":[{"href":"https:\/\/zonaroja.com.mx\/index.php?rest_route=\/wp\/v2\/posts"}],"about":[{"href":"https:\/\/zonaroja.com.mx\/index.php?rest_route=\/wp\/v2\/types\/post"}],"author":[{"embeddable":true,"href":"https:\/\/zonaroja.com.mx\/index.php?rest_route=\/wp\/v2\/users\/2"}],"replies":[{"embeddable":true,"href":"https:\/\/zonaroja.com.mx\/index.php?rest_route=%2Fwp%2Fv2%2Fcomments&post=31323"}],"version-history":[{"count":1,"href":"https:\/\/zonaroja.com.mx\/index.php?rest_route=\/wp\/v2\/posts\/31323\/revisions"}],"predecessor-version":[{"id":31325,"href":"https:\/\/zonaroja.com.mx\/index.php?rest_route=\/wp\/v2\/posts\/31323\/revisions\/31325"}],"wp:featuredmedia":[{"embeddable":true,"href":"https:\/\/zonaroja.com.mx\/index.php?rest_route=\/wp\/v2\/media\/31324"}],"wp:attachment":[{"href":"https:\/\/zonaroja.com.mx\/index.php?rest_route=%2Fwp%2Fv2%2Fmedia&parent=31323"}],"wp:term":[{"taxonomy":"category","embeddable":true,"href":"https:\/\/zonaroja.com.mx\/index.php?rest_route=%2Fwp%2Fv2%2Fcategories&post=31323"},{"taxonomy":"post_tag","embeddable":true,"href":"https:\/\/zonaroja.com.mx\/index.php?rest_route=%2Fwp%2Fv2%2Ftags&post=31323"}],"curies":[{"name":"wp","href":"https:\/\/api.w.org\/{rel}","templated":true}]}}