{"id":31327,"date":"2021-08-26T07:56:46","date_gmt":"2021-08-26T12:56:46","guid":{"rendered":"http:\/\/www.zonaroja.com.mx\/?p=31327"},"modified":"2021-08-26T07:56:49","modified_gmt":"2021-08-26T12:56:49","slug":"preve-semovi-retirar-concesion-a-taxista-que-uso-vehiculo-para-delito","status":"publish","type":"post","link":"https:\/\/zonaroja.com.mx\/?p=31327","title":{"rendered":"Prev\u00e9 Semovi retirar concesi\u00f3n a taxista que us\u00f3 veh\u00edculo para delito"},"content":{"rendered":"\n<p>Redacci\u00f3n\/Zona Roja.<\/p>\n\n\n\n<p>Oaxaca de Ju\u00e1rez, Oax., 26 de agosto de 2021.- Por utilizar un veh\u00edculo del transporte p\u00fablico para cometer un delito, la Secretar\u00eda de Movilidad (Semovi) del gobierno de Oaxaca prev\u00e9 retirar la concesi\u00f3n a un taxi colectivo.<\/p>\n\n\n\n<p>Se trata de la unidad del sitio Rojas de Cuahut\u00e9moc, de la misma poblaci\u00f3n de la regi\u00f3n Valles Centrales del estado, con placas de circulaci\u00f3n 8801-SJN y n\u00famero econ\u00f3mico 06-633.<\/p>\n\n\n\n<p>El taxi, tipo Tsuru, marca Nissan, fue utilizado presuntamente para cometer un asalto a una zapater\u00eda de la colonia Volcanes en la ciudad de Oaxaca, la tarde del pasado martes 24 de agosto.<\/p>\n\n\n\n<figure class=\"wp-block-embed-twitter wp-block-embed is-type-rich is-provider-twitter\"><div class=\"wp-block-embed__wrapper\">\n<div class=\"twitter-tweet\"><blockquote class=\"twitter-tweet\" data-lang=\"es\"><p lang=\"und\" dir=\"ltr\"><a href=\"https:\/\/t.co\/PhwnaJggVp\">pic.twitter.com\/PhwnaJggVp<\/a><\/p>&mdash; Secretar\u00eda de Movilidad GobOax (@SEMOVI_GobOax) <a href=\"https:\/\/twitter.com\/SEMOVI_GobOax\/status\/1430674034426003459?ref_src=twsrc%5Etfw\">25 de agosto de 2021<\/a><\/blockquote><\/div>\n<\/div><\/figure>\n\n\n\n<p>Los afectados y vecinos pidieron la ayuda de los polic\u00edas estatales, dependientes de la Secretar\u00eda de Seguridad P\u00fablica, a la vez que en otro veh\u00edculo iniciaron la persecuci\u00f3n.<\/p>\n\n\n\n<p>En la calzada Porfirio D\u00edaz de la colonia Reforma dieron alcance al taxi y fueron detenidas dos personas, el chofer y otro identificado como Miguel G., de 25 a\u00f1os de edad, quienes se encuentran a disposici\u00f3n de la Fiscal\u00eda General del Estado.<\/p>\n\n\n\n<p>\u201cEn coadyuvancia con la Fiscal\u00eda General se est\u00e1 dando seguimiento al suceso registrado el pasado 24 de agosto\u2026 La Secretar\u00eda de Movilidad estar\u00e1 pendiente de lo que determine la Fiscal\u00eda para estar en condiciones de iniciar el procedimiento de aplicaci\u00f3n de sanciones, que puede concluir hasta con la revocaci\u00f3n de la concesi\u00f3n, independientemente de la sanci\u00f3n penal\u201d, inform\u00f3 la dependencia que encabeza Arturo L\u00f3pez Sorroza.<\/p>\n","protected":false},"excerpt":{"rendered":"<p>Redacci\u00f3n\/Zona Roja. Oaxaca de Ju\u00e1rez, Oax., 26 de agosto de 2021.- Por utilizar un veh\u00edculo&hellip;<\/p>\n","protected":false},"author":2,"featured_media":31328,"comment_status":"closed","ping_status":"open","sticky":false,"template":"","format":"standard","meta":{"_lmt_disableupdate":"","_lmt_disable":"","_jetpack_memberships_contains_paid_content":false,"footnotes":""},"categories":[48,47],"tags":[2484],"class_list":["post-31327","post","type-post","status-publish","format-standard","has-post-thumbnail","hentry","category-zona-critica","category-zona-gris","tag-secretaria-de-movilidad-semovi"],"jetpack_featured_media_url":"https:\/\/zonaroja.com.mx\/wp-content\/uploads\/2021\/08\/Taxi-Rojas.jpg","jetpack_sharing_enabled":true,"_links":{"self":[{"href":"https:\/\/zonaroja.com.mx\/index.php?rest_route=\/wp\/v2\/posts\/31327","targetHints":{"allow":["GET"]}}],"collection":[{"href":"https:\/\/zonaroja.com.mx\/index.php?rest_route=\/wp\/v2\/posts"}],"about":[{"href":"https:\/\/zonaroja.com.mx\/index.php?rest_route=\/wp\/v2\/types\/post"}],"author":[{"embeddable":true,"href":"https:\/\/zonaroja.com.mx\/index.php?rest_route=\/wp\/v2\/users\/2"}],"replies":[{"embeddable":true,"href":"https:\/\/zonaroja.com.mx\/index.php?rest_route=%2Fwp%2Fv2%2Fcomments&post=31327"}],"version-history":[{"count":1,"href":"https:\/\/zonaroja.com.mx\/index.php?rest_route=\/wp\/v2\/posts\/31327\/revisions"}],"predecessor-version":[{"id":31329,"href":"https:\/\/zonaroja.com.mx\/index.php?rest_route=\/wp\/v2\/posts\/31327\/revisions\/31329"}],"wp:featuredmedia":[{"embeddable":true,"href":"https:\/\/zonaroja.com.mx\/index.php?rest_route=\/wp\/v2\/media\/31328"}],"wp:attachment":[{"href":"https:\/\/zonaroja.com.mx\/index.php?rest_route=%2Fwp%2Fv2%2Fmedia&parent=31327"}],"wp:term":[{"taxonomy":"category","embeddable":true,"href":"https:\/\/zonaroja.com.mx\/index.php?rest_route=%2Fwp%2Fv2%2Fcategories&post=31327"},{"taxonomy":"post_tag","embeddable":true,"href":"https:\/\/zonaroja.com.mx\/index.php?rest_route=%2Fwp%2Fv2%2Ftags&post=31327"}],"curies":[{"name":"wp","href":"https:\/\/api.w.org\/{rel}","templated":true}]}}