{"id":31336,"date":"2021-08-26T08:33:39","date_gmt":"2021-08-26T13:33:39","guid":{"rendered":"http:\/\/www.zonaroja.com.mx\/?p=31336"},"modified":"2021-08-26T17:40:18","modified_gmt":"2021-08-26T22:40:18","slug":"demanda-diputada-a-fgeo-investigar-asesinatos-de-dirigentes-y-militantes-de-morena","status":"publish","type":"post","link":"https:\/\/zonaroja.com.mx\/?p=31336","title":{"rendered":"Demanda diputada a FGEO investigar asesinatos de dirigentes y militantes de Morena"},"content":{"rendered":"\n<p>Redacci\u00f3n\/Zona Roja.<\/p>\n\n\n\n<p>Oaxaca de Ju\u00e1rez, Oax., 26 de agosto de 2021. La diputada Magaly L\u00f3pez Dom\u00ednguez, propuso al Congreso local exhortar al fiscal General del Estado de Oaxaca, Arturo Peimbert Calvo, investigar de manera pronta y expedita los 18 asesinatos cometidos en el contexto electoral contra candidatos, dirigentes y militantes del Movimiento Regeneraci\u00f3n Nacional (Morena) en el estado de Oaxaca.<\/p>\n\n\n\n<p>La petici\u00f3n legislativa solicita incluir al luchador social Tom\u00e1s Mart\u00ednez Pinacho, agotando exhaustivamente la hip\u00f3tesis del asesinato pol\u00edtico, y que lleve ante la justicia a los autores materiales e intelectuales de estos cr\u00edmenes.<\/p>\n\n\n\n<p>Al hacer uso de la tribuna, la legisladora expuso ayer que en su mayor\u00eda la muerte de dirigentes y militantes se registraron durante el periodo 2015-2019, en el tiempo de transici\u00f3n al triunfo de Morena en 2018.<\/p>\n\n\n\n<p>Dentro de los nombres de los militantes de Morena asesinados enlist\u00f3 a: Juli\u00e1n Gonz\u00e1lez Dom\u00ednguez, Marcos Hern\u00e1ndez Bautista, Juan Mej\u00eda Plaza, Enrique Quiroz Quiroz, Agust\u00edn Pav\u00eda Pav\u00eda, Jorge Vela D\u00edaz, Marciano Mart\u00ednez Cruz y Rafael Hern\u00e1ndez Cisneros.<\/p>\n\n\n\n<p>As\u00ed como, Julio Filogonio L\u00f3pez Quiroz, Apuleyo Cruz, Emigdio L\u00f3pez Avenda\u00f1o, Florencio Ram\u00edrez, Olga Lidia V\u00e1squez S\u00e1nchez, Sa\u00fal V\u00e1squez Villegas, Alejandro Aparicio Santiago, Perfecto Hern\u00e1ndez Guti\u00e9rrez y Cutberto Porcayo S\u00e1nchez.<\/p>\n\n\n\n<figure class=\"wp-block-embed-twitter wp-block-embed is-type-rich is-provider-twitter\"><div class=\"wp-block-embed__wrapper\">\n<div class=\"twitter-tweet\"><blockquote class=\"twitter-tweet\" data-lang=\"es\"><p lang=\"es\" dir=\"ltr\">En la sesi\u00f3n del <a href=\"https:\/\/twitter.com\/CongresoOaxLXIV?ref_src=twsrc%5Etfw\">@CongresoOaxLXIV<\/a> ayer, la diputada <a href=\"https:\/\/twitter.com\/Magaly_LopezOax?ref_src=twsrc%5Etfw\">@Magaly_LopezOax<\/a> demand\u00f3 a la <a href=\"https:\/\/twitter.com\/FISCALIA_GobOax?ref_src=twsrc%5Etfw\">@FISCALIA_GobOax<\/a> resultados ante el asesinato de unos 18 militantes y dirigentes de Morena. <br>Asimismo, que el caso de Tom\u00e1s Mart\u00ednez Pinacho, del <a href=\"https:\/\/twitter.com\/FPR_OAXACA?ref_src=twsrc%5Etfw\">@FPR_OAXACA<\/a>, no quede impune. <a href=\"https:\/\/t.co\/4urKJEMJLe\">pic.twitter.com\/4urKJEMJLe<\/a><\/p>&mdash; Zona Roja Oaxaca (@Zona_Roja_Oax) <a href=\"https:\/\/twitter.com\/Zona_Roja_Oax\/status\/1430899612273889299?ref_src=twsrc%5Etfw\">26 de agosto de 2021<\/a><\/blockquote><\/div>\n<\/div><\/figure>\n\n\n\n<p>Refiri\u00f3 que hace un a\u00f1o, el 24 de agosto de 2020, fue asesinado Tom\u00e1s Mart\u00ednez Pinacho, activista de Morena y dirigente del Frente Popular Revolucionario, quien se perfilaba fuertemente para ser candidato a la Presidencia Municipal de Miahuatl\u00e1n.<\/p>\n\n\n\n<p>A\u00f1adi\u00f3 que \u00e9l activista fue un l\u00edder notable desde muchos a\u00f1os atr\u00e1s, y particip\u00f3 en el movimiento social de 2006 y 2007, que devino en la integraci\u00f3n de la Asamblea Popular de los Pueblos de Oaxaca (APPO).<\/p>\n\n\n\n<p>La congresista lament\u00f3 que los asesinatos de los candidatos, militantes y simpatizantes, se encuentren en la impunidad y que la democracia a la que aspiraron, por la que lucharon a muerte, nunca ser\u00e1 completa si no hay verdad y justicia sobre sus asesinatos.<\/p>\n\n\n\n<p>Indic\u00f3 que el anterior Fiscal General del Estado, Rub\u00e9n Vasconcelos M\u00e9ndez, dej\u00f3 claro que mediante sus investigaciones ser\u00eda imposible acceder a la justicia en estos casos.<\/p>\n\n\n\n<p>Solamente en dos de ellos admiti\u00f3 el crimen pol\u00edtico como un posible m\u00f3vil, sin descartar otros, intentando siempre denostar a nuestros compa\u00f1eros y a su trabajo por el bien com\u00fan.<\/p>\n\n\n\n<p>La diputada morenista confi\u00f3 en que, con el cambio de titular en la dependencia, implique la posibilidad de un cambio de rumbo que permita acceder a la justicia y eliminar la impunidad sobre los asesinatos pol\u00edticos.<\/p>\n\n\n\n<p>El exhorto promovido en el Congreso Local por la diputada Magaly L\u00f3pez Dom\u00ednguez, dirigido a la Fiscal\u00eda General del Estado de Oaxaca (FGEO) fue turnado para su an\u00e1lisis y dictamen a la Comisi\u00f3n Permanente correspondiente.<\/p>\n","protected":false},"excerpt":{"rendered":"<p>Redacci\u00f3n\/Zona Roja. Oaxaca de Ju\u00e1rez, Oax., 26 de agosto de 2021. La diputada Magaly L\u00f3pez&hellip;<\/p>\n","protected":false},"author":2,"featured_media":31337,"comment_status":"closed","ping_status":"open","sticky":false,"template":"","format":"standard","meta":{"_lmt_disableupdate":"","_lmt_disable":"","_jetpack_memberships_contains_paid_content":false,"footnotes":""},"categories":[109,46],"tags":[192],"class_list":["post-31336","post","type-post","status-publish","format-standard","has-post-thumbnail","hentry","category-minuto-a-minuto","category-zona-blanca","tag-diputada-magaly-lopez-dominguez"],"jetpack_featured_media_url":"https:\/\/zonaroja.com.mx\/wp-content\/uploads\/2021\/08\/Diputada-Magaly-Lopez-3.jpeg","jetpack_sharing_enabled":true,"_links":{"self":[{"href":"https:\/\/zonaroja.com.mx\/index.php?rest_route=\/wp\/v2\/posts\/31336","targetHints":{"allow":["GET"]}}],"collection":[{"href":"https:\/\/zonaroja.com.mx\/index.php?rest_route=\/wp\/v2\/posts"}],"about":[{"href":"https:\/\/zonaroja.com.mx\/index.php?rest_route=\/wp\/v2\/types\/post"}],"author":[{"embeddable":true,"href":"https:\/\/zonaroja.com.mx\/index.php?rest_route=\/wp\/v2\/users\/2"}],"replies":[{"embeddable":true,"href":"https:\/\/zonaroja.com.mx\/index.php?rest_route=%2Fwp%2Fv2%2Fcomments&post=31336"}],"version-history":[{"count":2,"href":"https:\/\/zonaroja.com.mx\/index.php?rest_route=\/wp\/v2\/posts\/31336\/revisions"}],"predecessor-version":[{"id":31347,"href":"https:\/\/zonaroja.com.mx\/index.php?rest_route=\/wp\/v2\/posts\/31336\/revisions\/31347"}],"wp:featuredmedia":[{"embeddable":true,"href":"https:\/\/zonaroja.com.mx\/index.php?rest_route=\/wp\/v2\/media\/31337"}],"wp:attachment":[{"href":"https:\/\/zonaroja.com.mx\/index.php?rest_route=%2Fwp%2Fv2%2Fmedia&parent=31336"}],"wp:term":[{"taxonomy":"category","embeddable":true,"href":"https:\/\/zonaroja.com.mx\/index.php?rest_route=%2Fwp%2Fv2%2Fcategories&post=31336"},{"taxonomy":"post_tag","embeddable":true,"href":"https:\/\/zonaroja.com.mx\/index.php?rest_route=%2Fwp%2Fv2%2Ftags&post=31336"}],"curies":[{"name":"wp","href":"https:\/\/api.w.org\/{rel}","templated":true}]}}