{"id":31339,"date":"2021-08-26T09:39:14","date_gmt":"2021-08-26T14:39:14","guid":{"rendered":"http:\/\/www.zonaroja.com.mx\/?p=31339"},"modified":"2021-08-26T09:39:17","modified_gmt":"2021-08-26T14:39:17","slug":"muertes-en-mexico-aumentaron-82-en-primer-trimestre","status":"publish","type":"post","link":"https:\/\/zonaroja.com.mx\/?p=31339","title":{"rendered":"Muertes en M\u00e9xico aumentaron 82% en primer trimestre"},"content":{"rendered":"\n<p>Redacci\u00f3n\/Zona Roja Cdmx.<\/p>\n\n\n\n<p>Ciudad de M\u00e9xico, Oax., 26 de agosto de 2021.- Las defunciones registradas en M\u00e9xico en el primer trimestre del a\u00f1o aumentaron 82 por ciento en comparaci\u00f3n con el mismo periodo, pero de 2020, inform\u00f3 este mi\u00e9rcoles el Instituto Nacional de Estad\u00edstica y Geograf\u00eda (Inegi).<\/p>\n\n\n\n<p>De acuerdo con cifras preliminares, entre enero y marzo de 2021 se contabilizaron 368 mil 906 defunciones. mientras que en el mismo periodo, pero del a\u00f1o pasado, la cifra fue de 202 mil 728. Es decir, en 2021 hubieron 166 mil 178 m\u00e1s.<\/p>\n\n\n\n<p>Julio Santaella, presidente del Instituto, reconoci\u00f3 el impacto de un factor en ese n\u00famero: la pandemia.<\/p>\n\n\n\n<p>\u201cDurante este primer trimestre ocurri\u00f3 la segunda ola. Esa es una informaci\u00f3n que ya viene reportando con su metodolog\u00eda la Secretar\u00eda de Salud, de tal manera que ah\u00ed tenemos una causa muy importante\u201d, dijo en entrevista con Grupo F\u00f3rmula.<\/p>\n\n\n\n<p>Si bien aclar\u00f3 que todas las defunciones no son atribuibles a la pandemia, durante este tiempo s\u00ed se ha visto un aumento de la mortalidad en otras causas de muertes como enfermedades del coraz\u00f3n y diabetes.<\/p>\n\n\n\n<p>\u201cYo dir\u00eda que esto es parte del mismo fen\u00f3meno pand\u00e9mico en el que seguimos transitando\u201d, agreg\u00f3.<\/p>\n\n\n\n<p>En el primer trimestre del a\u00f1o, en la primera semana de enero para ser espec\u00edficos, se alcanz\u00f3 un pico de 112 mil 812 casos positivos estimados, de acuerdo con datos de la Direcci\u00f3n General de Epidemiolog\u00eda.<\/p>\n\n\n\n<p>En cuanto a las defunciones, hubo semanas como la del 4 al 10 de enero en la que la Secretar\u00eda de Salud report\u00f3 6 mil 493 muertes confirmadas por el virus SARS-CoV-2.<\/p>\n\n\n\n<p>Ese mes tendr\u00eda despu\u00e9s su pico de fallecimientos por Covid el 26 de enero, con mil 743 muertes. En febrero, los decesos por Covid superaron en dos ocasiones los mil 700 (3 y 9 de ese mes).<\/p>\n\n\n\n<p>La incidencia de las muertes desaceler\u00f3 en marzo, pues en ese mes solo hubo un d\u00eda en el que se superaron los mil fallecimientos.<\/p>\n\n\n\n<p>\u201cLa pandemia est\u00e1 impactando. Observamos que hay un n\u00famero importante de defunciones que ocurren en el hogar y est\u00e1 impactando en todas las dimensiones\u201d, se\u00f1al\u00f3 Santaella.<\/p>\n\n\n\n<p>(Informaci\u00f3n de \u201cEl Financiero\u201d)<\/p>\n","protected":false},"excerpt":{"rendered":"<p>Redacci\u00f3n\/Zona Roja Cdmx. Ciudad de M\u00e9xico, Oax., 26 de agosto de 2021.- Las defunciones registradas&hellip;<\/p>\n","protected":false},"author":2,"featured_media":30624,"comment_status":"closed","ping_status":"open","sticky":false,"template":"","format":"standard","meta":{"_lmt_disableupdate":"","_lmt_disable":"","_jetpack_memberships_contains_paid_content":false,"footnotes":""},"categories":[109,47],"tags":[1328],"class_list":["post-31339","post","type-post","status-publish","format-standard","has-post-thumbnail","hentry","category-minuto-a-minuto","category-zona-gris","tag-coronavirus-mexico"],"jetpack_featured_media_url":"https:\/\/zonaroja.com.mx\/wp-content\/uploads\/2021\/08\/Coronavirus-Covid.jpg","jetpack_sharing_enabled":true,"_links":{"self":[{"href":"https:\/\/zonaroja.com.mx\/index.php?rest_route=\/wp\/v2\/posts\/31339","targetHints":{"allow":["GET"]}}],"collection":[{"href":"https:\/\/zonaroja.com.mx\/index.php?rest_route=\/wp\/v2\/posts"}],"about":[{"href":"https:\/\/zonaroja.com.mx\/index.php?rest_route=\/wp\/v2\/types\/post"}],"author":[{"embeddable":true,"href":"https:\/\/zonaroja.com.mx\/index.php?rest_route=\/wp\/v2\/users\/2"}],"replies":[{"embeddable":true,"href":"https:\/\/zonaroja.com.mx\/index.php?rest_route=%2Fwp%2Fv2%2Fcomments&post=31339"}],"version-history":[{"count":1,"href":"https:\/\/zonaroja.com.mx\/index.php?rest_route=\/wp\/v2\/posts\/31339\/revisions"}],"predecessor-version":[{"id":31340,"href":"https:\/\/zonaroja.com.mx\/index.php?rest_route=\/wp\/v2\/posts\/31339\/revisions\/31340"}],"wp:featuredmedia":[{"embeddable":true,"href":"https:\/\/zonaroja.com.mx\/index.php?rest_route=\/wp\/v2\/media\/30624"}],"wp:attachment":[{"href":"https:\/\/zonaroja.com.mx\/index.php?rest_route=%2Fwp%2Fv2%2Fmedia&parent=31339"}],"wp:term":[{"taxonomy":"category","embeddable":true,"href":"https:\/\/zonaroja.com.mx\/index.php?rest_route=%2Fwp%2Fv2%2Fcategories&post=31339"},{"taxonomy":"post_tag","embeddable":true,"href":"https:\/\/zonaroja.com.mx\/index.php?rest_route=%2Fwp%2Fv2%2Ftags&post=31339"}],"curies":[{"name":"wp","href":"https:\/\/api.w.org\/{rel}","templated":true}]}}