{"id":31341,"date":"2021-08-26T15:31:31","date_gmt":"2021-08-26T20:31:31","guid":{"rendered":"http:\/\/www.zonaroja.com.mx\/?p=31341"},"modified":"2021-08-26T15:31:35","modified_gmt":"2021-08-26T20:31:35","slug":"emplazan-legislador-a-sinfra-a-hacer-publico-proyectos-de-obras-que-ejecuta","status":"publish","type":"post","link":"https:\/\/zonaroja.com.mx\/?p=31341","title":{"rendered":"Emplazan legislador a Sinfra a hacer p\u00fablico proyectos de obras que ejecuta"},"content":{"rendered":"\n<p>Evlin Arag\u00f3n\/Zona Roja.<\/p>\n\n\n\n<p>Oaxaca de Ju\u00e1rez, Oax., 26 de agosto de 2021.- El diputado local por Morena, C\u00e9sar Morales Ni\u00f1o, emplaz\u00f3 a la Secretar\u00eda de las Infraestructuras y Ordenamiento Territorial (Sinfra) para que transparente los proyectos que pretende realizar y tome en cuenta a la poblaci\u00f3n que actualmente se manifiesta en contra.&nbsp;<\/p>\n\n\n\n<p>De acuerdo con el legislador, la dependencia estatal mantiene en la absoluta opacidad sus proyectos, claro ejemplo la ampliaci\u00f3n de la avenida S\u00edmbolos Patrios y el Libramiento Sur, ambos con oposici\u00f3n por parte de la ciudadan\u00eda que habita en inmediaciones de las obras.&nbsp;<\/p>\n\n\n\n<p>En este sentido, detall\u00f3 que lo \u00fanico que se conoce del primer proyecto es la supuesta ampliaci\u00f3n a ocho y seis carriles dos tramos carreteros que ya cuenta con esas caracter\u00edsticas, as\u00ed como la construcci\u00f3n de un puente donde ya se ubica uno; adem\u00e1s del derribo de cientos de \u00e1rboles.&nbsp;&nbsp;<\/p>\n\n\n\n<p>La anterior en definitiva no es suficiente informaci\u00f3n, lo que ha provocado malestar ciudadano debido al da\u00f1o ecol\u00f3gico y al medioambiente que se prev\u00e9 y la nula atenci\u00f3n que se le est\u00e1 dando al tema por parte de la dependencia encargada de la obra p\u00fablica.&nbsp;<\/p>\n\n\n\n<p>\u201cEs necesario que Sinfra haga p\u00fablico el proyecto \u00edntegro que contenga el n\u00famero exacto de \u00e1rboles que se pretenden cortar y en su caso el plan para su recuperaci\u00f3n\u201d, dijo.\u00a0<\/p>\n\n\n\n<figure class=\"wp-block-embed-twitter wp-block-embed is-type-rich is-provider-twitter\"><div class=\"wp-block-embed__wrapper\">\n<div class=\"twitter-tweet\"><blockquote class=\"twitter-tweet\" data-lang=\"es\"><p lang=\"es\" dir=\"ltr\">La <a href=\"https:\/\/twitter.com\/SINFRA_GobOax?ref_src=twsrc%5Etfw\">@SINFRA_GobOax<\/a> mantiene en la absoluta opacidad sus obras, como es la ampliaci\u00f3n de la avenida S\u00edmbolos Patrios y el Libramiento Sur, ante lo cual, el diputado <a href=\"https:\/\/twitter.com\/cesarmoralesn?ref_src=twsrc%5Etfw\">@cesarmoralesn<\/a>, emplaz\u00f3 a la dependencia hacer p\u00fablicos los proyectos y consensuarlos con la sociedad. <a href=\"https:\/\/t.co\/NuerCJ4jdh\">pic.twitter.com\/NuerCJ4jdh<\/a><\/p>&mdash; Zona Roja Oaxaca (@Zona_Roja_Oax) <a href=\"https:\/\/twitter.com\/Zona_Roja_Oax\/status\/1430716276100509701?ref_src=twsrc%5Etfw\">26 de agosto de 2021<\/a><\/blockquote><\/div>\n<\/div><\/figure>\n\n\n\n<p>Morales Ni\u00f1o cuestion\u00f3 que la \u00fanica informaci\u00f3n que se tenga de ese proyecto es la publicada en una lona ubicada en el puente peatonal, donde dicen que van a rehabilitar dos kil\u00f3metros y que van a hacer un puente, siendo todos los datos que se tienen.&nbsp;<\/p>\n\n\n\n<p>Por lo anterior, en la sesi\u00f3n de ayer de la 64 Legislatura del Congreso, present\u00f3 un Punto de Acuerdo donde exhorta a la dependencia estatal para que haga p\u00fablica la informaci\u00f3n del proyecto, adem\u00e1s que se realice una consulta ciudadana previa a la ejecuci\u00f3n del mismo, debido a las protestas que ha generado.<\/p>\n\n\n\n<p>As\u00ed mismo, dijo que la consulta libre, previa e informada como derecho constitucional debe aplicarse tambi\u00e9n a la obra del Libramiento Sur a fin de garantizar los derechos de la poblaci\u00f3n que se opone a los trabajos y evitar conflictos sociales que al final detengan los trabajos anunciados.&nbsp;<\/p>\n\n\n\n<p>Morales Ni\u00f1o detall\u00f3 que no tomar en cuenta a la poblaci\u00f3n trae consigo la cancelaci\u00f3n de las obras y la p\u00e9rdida de recursos p\u00fablicos como sucedi\u00f3 recientemente en la Planta Tratadora de Agua Potable de Huatulco cuya inversi\u00f3n era de 21 millones de pesos.&nbsp;<\/p>\n","protected":false},"excerpt":{"rendered":"<p>Evlin Arag\u00f3n\/Zona Roja. Oaxaca de Ju\u00e1rez, Oax., 26 de agosto de 2021.- El diputado local&hellip;<\/p>\n","protected":false},"author":2,"featured_media":31342,"comment_status":"closed","ping_status":"open","sticky":false,"template":"","format":"standard","meta":{"_lmt_disableupdate":"","_lmt_disable":"","_jetpack_memberships_contains_paid_content":false,"footnotes":""},"categories":[109,46],"tags":[2864],"class_list":["post-31341","post","type-post","status-publish","format-standard","has-post-thumbnail","hentry","category-minuto-a-minuto","category-zona-blanca","tag-cesar-morales"],"jetpack_featured_media_url":"https:\/\/zonaroja.com.mx\/wp-content\/uploads\/2021\/08\/Cesar-Morales-Nino.jpg","jetpack_sharing_enabled":true,"_links":{"self":[{"href":"https:\/\/zonaroja.com.mx\/index.php?rest_route=\/wp\/v2\/posts\/31341","targetHints":{"allow":["GET"]}}],"collection":[{"href":"https:\/\/zonaroja.com.mx\/index.php?rest_route=\/wp\/v2\/posts"}],"about":[{"href":"https:\/\/zonaroja.com.mx\/index.php?rest_route=\/wp\/v2\/types\/post"}],"author":[{"embeddable":true,"href":"https:\/\/zonaroja.com.mx\/index.php?rest_route=\/wp\/v2\/users\/2"}],"replies":[{"embeddable":true,"href":"https:\/\/zonaroja.com.mx\/index.php?rest_route=%2Fwp%2Fv2%2Fcomments&post=31341"}],"version-history":[{"count":1,"href":"https:\/\/zonaroja.com.mx\/index.php?rest_route=\/wp\/v2\/posts\/31341\/revisions"}],"predecessor-version":[{"id":31343,"href":"https:\/\/zonaroja.com.mx\/index.php?rest_route=\/wp\/v2\/posts\/31341\/revisions\/31343"}],"wp:featuredmedia":[{"embeddable":true,"href":"https:\/\/zonaroja.com.mx\/index.php?rest_route=\/wp\/v2\/media\/31342"}],"wp:attachment":[{"href":"https:\/\/zonaroja.com.mx\/index.php?rest_route=%2Fwp%2Fv2%2Fmedia&parent=31341"}],"wp:term":[{"taxonomy":"category","embeddable":true,"href":"https:\/\/zonaroja.com.mx\/index.php?rest_route=%2Fwp%2Fv2%2Fcategories&post=31341"},{"taxonomy":"post_tag","embeddable":true,"href":"https:\/\/zonaroja.com.mx\/index.php?rest_route=%2Fwp%2Fv2%2Ftags&post=31341"}],"curies":[{"name":"wp","href":"https:\/\/api.w.org\/{rel}","templated":true}]}}