{"id":31344,"date":"2021-08-26T17:31:25","date_gmt":"2021-08-26T22:31:25","guid":{"rendered":"http:\/\/www.zonaroja.com.mx\/?p=31344"},"modified":"2021-08-26T17:31:29","modified_gmt":"2021-08-26T22:31:29","slug":"proponen-proyecto-alternativo-para-ampliacion-de-avenida-simbolos-patrios","status":"publish","type":"post","link":"https:\/\/zonaroja.com.mx\/?p=31344","title":{"rendered":"Proponen proyecto alternativo para ampliaci\u00f3n de avenida S\u00edmbolos Patrios"},"content":{"rendered":"\n<p>Evlin Arag\u00f3n\/Zona Roja.<\/p>\n\n\n\n<p>Oaxaca de Ju\u00e1rez, Oax., 26 de agosto de 2021.- Integrantes de la asociaci\u00f3n civil Manos y Voces Unidas de Oaxaca (MAVO) presentaron hoy una propuesta alternativa de vialidad con soporte de sustentabilidad y calidad de vida para la modernizaci\u00f3n de la avenida S\u00edmbolos Patrios, ubicada en la zona conurbada de la ciudad.&nbsp;<\/p>\n\n\n\n<p>Lo anterior, luego de las constantes protestas que se han llevado a cabo, debido a que la obra presentada por la Secretar\u00eda de las Infraestructuras y el Ordenamiento Territorial (Sinfra), se traduce en un ecocidio en perjuicio de la flora y fauna del lugar.&nbsp;<\/p>\n\n\n\n<p>En conferencia de prensa, explicaron que la propuesta alternativa contempla la conservaci\u00f3n del arbolado urbano, misma que tiene repercusiones en la sensaci\u00f3n t\u00e9rmica del lugar, ya que aseguran que el derribo de los ejemplares podr\u00eda subir el term\u00f3metro hasta en 50 grados cent\u00edgrados, fomentando as\u00ed el calentamiento global.&nbsp;<\/p>\n\n\n\n<p>As\u00ed mismo, tiene altos est\u00e1ndares de calidad, incluye ciclov\u00edas y pasos a desnivel, es sustentable, sostenible y se basa en suelos permeables que permitir\u00e1n la filtraci\u00f3n de agua y adem\u00e1s que los que los mantos acu\u00edferos se recarguen.&nbsp;<\/p>\n\n\n\n<p>Ello de acuerdo con representantes de las colonias Miguel Alem\u00e1n, Reforma Agraria, Candiani, La Experimental, todas pertenecientes al municipio de Oaxaca de Ju\u00e1rez, as\u00ed como de San Antonio de la Cal, San Agust\u00edn de las Juntas, Santa Luc\u00eda del Camino y Santa Cruz Xoxocotl\u00e1n.&nbsp;<\/p>\n\n\n\n<p>Omar Mart\u00ednez Salazar, arquitecto e integrantes de MAVO A.C., asegur\u00f3 que el proyecto alternativo pondera la ecolog\u00eda humana y hol\u00edstica, asimismo considera un contexto de desarrollo humano con proyecci\u00f3n a 50 a\u00f1os que tenga como objetivo desfogar el tr\u00e1fico en la zona.&nbsp;<\/p>\n\n\n\n<p>Y es que indic\u00f3 la obra anunciada por Sinfra carece de sentido humano, toda vez que no contempla banquetas y pasos a desnivel, por el contrario, pone en el centro de todo a los autom\u00f3viles a sabiendas que se trata de los principales emisores de contaminaci\u00f3n m\u00e1s importantes en el mundo.<\/p>\n\n\n\n<p>De igual forma carece de pol\u00edtica ambiental, prueba de ello el ecocidio que han anunciado y pretenden consumar, aunque aseguren que van a reubicar los cientos de \u00e1rboles que derribaran en la zona.&nbsp;<\/p>\n\n\n\n<p>Tampoco considera al peat\u00f3n y a las personas con alguna discapacidad, ya que no existe el espacio para que la poblaci\u00f3n con sillas de ruedas u otra herramienta de apoyo puedan atravesar la v\u00eda; tampoco contempla ciclov\u00edas para la circulaci\u00f3n de bicicletas.&nbsp;<\/p>\n\n\n\n<p>Por lo anterior insisti\u00f3 en la implementaci\u00f3n de obras de calidad para las y los oaxaque\u00f1os, que incluyan conceptos b\u00e1sicos de ecolog\u00eda a fin de que puedan conjuntar el desarrollo con el cuidado al medioambiente y la inclusi\u00f3n.&nbsp;<\/p>\n","protected":false},"excerpt":{"rendered":"<p>Evlin Arag\u00f3n\/Zona Roja. Oaxaca de Ju\u00e1rez, Oax., 26 de agosto de 2021.- Integrantes de la&hellip;<\/p>\n","protected":false},"author":2,"featured_media":31345,"comment_status":"closed","ping_status":"open","sticky":false,"template":"","format":"standard","meta":{"_lmt_disableupdate":"","_lmt_disable":"","_jetpack_memberships_contains_paid_content":false,"footnotes":""},"categories":[109,47],"tags":[],"class_list":["post-31344","post","type-post","status-publish","format-standard","has-post-thumbnail","hentry","category-minuto-a-minuto","category-zona-gris"],"jetpack_featured_media_url":"https:\/\/zonaroja.com.mx\/wp-content\/uploads\/2021\/08\/Proyecto-alternativo-Simbolos-Patrios.jpg","jetpack_sharing_enabled":true,"_links":{"self":[{"href":"https:\/\/zonaroja.com.mx\/index.php?rest_route=\/wp\/v2\/posts\/31344","targetHints":{"allow":["GET"]}}],"collection":[{"href":"https:\/\/zonaroja.com.mx\/index.php?rest_route=\/wp\/v2\/posts"}],"about":[{"href":"https:\/\/zonaroja.com.mx\/index.php?rest_route=\/wp\/v2\/types\/post"}],"author":[{"embeddable":true,"href":"https:\/\/zonaroja.com.mx\/index.php?rest_route=\/wp\/v2\/users\/2"}],"replies":[{"embeddable":true,"href":"https:\/\/zonaroja.com.mx\/index.php?rest_route=%2Fwp%2Fv2%2Fcomments&post=31344"}],"version-history":[{"count":1,"href":"https:\/\/zonaroja.com.mx\/index.php?rest_route=\/wp\/v2\/posts\/31344\/revisions"}],"predecessor-version":[{"id":31346,"href":"https:\/\/zonaroja.com.mx\/index.php?rest_route=\/wp\/v2\/posts\/31344\/revisions\/31346"}],"wp:featuredmedia":[{"embeddable":true,"href":"https:\/\/zonaroja.com.mx\/index.php?rest_route=\/wp\/v2\/media\/31345"}],"wp:attachment":[{"href":"https:\/\/zonaroja.com.mx\/index.php?rest_route=%2Fwp%2Fv2%2Fmedia&parent=31344"}],"wp:term":[{"taxonomy":"category","embeddable":true,"href":"https:\/\/zonaroja.com.mx\/index.php?rest_route=%2Fwp%2Fv2%2Fcategories&post=31344"},{"taxonomy":"post_tag","embeddable":true,"href":"https:\/\/zonaroja.com.mx\/index.php?rest_route=%2Fwp%2Fv2%2Ftags&post=31344"}],"curies":[{"name":"wp","href":"https:\/\/api.w.org\/{rel}","templated":true}]}}